{"id":1816,"date":"2022-09-23T11:23:34","date_gmt":"2022-09-23T09:23:34","guid":{"rendered":"https:\/\/missionsvalencia.eu\/municipisinnovadors\/?p=1816"},"modified":"2022-09-23T11:24:25","modified_gmt":"2022-09-23T09:24:25","slug":"las-naves-acull-una-jornada-sobre-municipis-innovadors-i-les-seues-missions-per-a-una-transicio-digital-verda-i-social","status":"publish","type":"post","link":"https:\/\/missionsvalencia.eu\/municipisinnovadors\/ca\/las-naves-acull-una-jornada-sobre-municipis-innovadors-i-les-seues-missions-per-a-una-transicio-digital-verda-i-social\/","title":{"rendered":"Las Naves acull una Jornada sobre Municipis Innovadors i les seues missions per a una transici\u00f3 digital, verda i social."},"content":{"rendered":"<p>El Programa Municipis Innovadors, organitzat per la Direcci\u00f3 General d&#8217;Innovaci\u00f3 de la Conselleria d&#8217;Innovaci\u00f3, Universitats, Ci\u00e8ncia i Societat Digital de la Generalitat Valenciana, en col\u00b7laboraci\u00f3 amb el Centre d&#8217;Innovaci\u00f3 Las Naves, ha celebrat una trobada per a desenvolupar una estrat\u00e8gia municipal d&#8217;innovaci\u00f3 orientada a missions per a una transici\u00f3 digital, verda i social.<\/p>\n<p>L&#8217;acte impulsat per Las Naves i la Conselleria d&#8217;Innovaci\u00f3 ha comptat amb l&#8217;obertura institucional del regidor d&#8217;Innovaci\u00f3 i Gesti\u00f3 del Coneixement de l&#8217;Ajuntament de Val\u00e8ncia, Carlos Galiana que ha manifestat: \u201cla transformaci\u00f3 social, econ\u00f2mica i mediambiental \u00e9s un viatge col\u00b7lectiu i \u00e9s una necessitat afrontar els problemes comuns que tenim tots i totes. Aquest acte \u00e9s necessari per a compartir la nostra experi\u00e8ncia amb els municipis de Castell\u00f3, Val\u00e8ncia i Alacant perqu\u00e8 treballen orientats a aconseguir una determinada missi\u00f3 compartida amb els actors locals i amb la resta de localitats\u201d.<\/p>\n<p>Durant la jornada el divulgador cient\u00edfic Manuel Toharia ens ha oferit la seua particular mirada amb una pon\u00e8ncia inspiradora sobre la visi\u00f3 de la innovaci\u00f3 en els municipis enfront dels grans reptes territorials.<\/p>\n<p>D\u2019altra banda, l\u2019esdeveniment ha comptat amb una taula redona per abordar estrat\u00e8gies que permeten als municipis afrontar la crisi energ\u00e8tica. En la mateixa han participat Carlos Mataix, director del Centre d&#8217;Innovaci\u00f3 en Tecnologia per al Desenvolupament Hum\u00e0 de la Universitat Polit\u00e8cnica de Madrid; Beatriz Novales, directora de Programes d&#8217;Oxfam; i Rafael Gim\u00e9nez, alcalde d&#8217;Aras de los Olmos.<\/p>\n<p>La cloenda ha sigut a c\u00e0rrec de la directora general d&#8217;Innovaci\u00f3 de la Generalitat Valenciana, Sonia Tirado que ha declarat que &#8220;els projectes els fem les persones. Tenim la responsabilitat d&#8217;assegurar el dret de les persones a rebre informaci\u00f3 i fer possibles aquestes aliances i que tot el coneixement que generem es puga compartir entre els municipis&#8221;.<\/p>\n<p>Las Naves i Radio Valencia Cadena SER han organitzat aquesta nova edici\u00f3 de Encuentros SER en la qual s&#8217;ha abordat la forma en la qual els municipis poden innovar per a ser m\u00e9s digitals, verds i socials.<br \/>\nEl director de continguts de Radio Valencia, Juli\u00e1n Gim\u00e9nez ha sigut l&#8217;encarregat de conduir la jornada i l&#8217;esdeveniment s&#8217;ha retransm\u00e9s pel canal de Youtube de Las Naves i per la plataforma de Radio Valencia Cadena SER.<\/p>\n<p>Missions Val\u00e8ncia 2030<\/p>\n<p>El centre d&#8217;innovaci\u00f3 Las Naves i la Delegaci\u00f3 d&#8217;Innovaci\u00f3 i Coneixement de l&#8217;Ajuntament de Val\u00e8ncia s\u00f3n els responsables de Missions Val\u00e8ncia 2030, un model de governan\u00e7a de la innovaci\u00f3 basat en missions que milloren la vida de les persones. Aquest model de governan\u00e7a conjumina a tot l&#8217;ecosistema d&#8217;innovaci\u00f3 sense excloure a ning\u00fa, perqu\u00e8 les missions d&#8217;una ciutat, d&#8217;un pa\u00eds o de tota Europa s&#8217;aconsegueixen des de la diversitat i amb la suma de totes les parts, de tot el talent i de totes les fonts de coneixement.<\/p>\n<p>Actualment Val\u00e8ncia est\u00e0 treballant en la Missi\u00f3 Clim\u00e0tica Val\u00e8ncia 2030, amb l&#8217;objectiu de convertir a Val\u00e8ncia en una ciutat clim\u00e0ticament neutra. A m\u00e9s, la ciutat ja forma part de les 100 ciutats que la Comissi\u00f3 Europea ha seleccionat dins de la missi\u00f3 \u00abciutats intel\u00b7ligents i clim\u00e0ticament neutres\u00bb i ha sigut seleccionada com a semifinalista en els iCapital Awards 2022, que reconeixen cada any a una ciutat europea com a Capital Europea de la Innovaci\u00f3.<\/p>\n","protected":false},"excerpt":{"rendered":"<p>El Programa Municipis Innovadors, organitzat per la Direcci\u00f3 General d&#8217;Innovaci\u00f3 de la Conselleria d&#8217;Innovaci\u00f3, Universitats, Ci\u00e8ncia i Societat Digital de la Generalitat Valenciana, en col\u00b7laboraci\u00f3 amb el Centre d&#8217;Innovaci\u00f3 Las Naves, ha celebrat una trobada per a desenvolupar una estrat\u00e8gia municipal d&#8217;innovaci\u00f3 orientada a missions per a una transici\u00f3 digital, verda i social. L&#8217;acte impulsat &hellip;<\/p>\n<p class=\"read-more\"> <a class=\"\" href=\"https:\/\/missionsvalencia.eu\/municipisinnovadors\/ca\/las-naves-acull-una-jornada-sobre-municipis-innovadors-i-les-seues-missions-per-a-una-transicio-digital-verda-i-social\/\"> <span class=\"screen-reader-text\">Las Naves acull una Jornada sobre Municipis Innovadors i les seues missions per a una transici\u00f3 digital, verda i social.<\/span> Read More &raquo;<\/a><\/p>\n","protected":false},"author":6,"featured_media":1803,"comment_status":"open","ping_status":"closed","sticky":false,"template":"","format":"standard","meta":{"site-sidebar-layout":"default","site-content-layout":"default","ast-global-header-display":"","ast-main-header-display":"","ast-hfb-above-header-display":"","ast-hfb-below-header-display":"","ast-hfb-mobile-header-display":"","site-post-title":"","ast-breadcrumbs-content":"","ast-featured-img":"","footer-sml-layout":"","theme-transparent-header-meta":"default","adv-header-id-meta":"","stick-header-meta":"default","header-above-stick-meta":"","header-main-stick-meta":"","header-below-stick-meta":"","footnotes":""},"categories":[10],"tags":[],"class_list":["post-1816","post","type-post","status-publish","format-standard","has-post-thumbnail","hentry","category-sense-categoria"],"yoast_head":"<!-- This site is optimized with the Yoast SEO plugin v20.0 - https:\/\/yoast.com\/wordpress\/plugins\/seo\/ -->\n<title>Las Naves acull una Jornada sobre Municipis Innovadors i les seues missions per a una transici\u00f3 digital, verda i social. - Missions per a municipis<\/title>\n<meta name=\"robots\" content=\"index, follow, max-snippet:-1, max-image-preview:large, max-video-preview:-1\" \/>\n<link rel=\"canonical\" href=\"https:\/\/missionsvalencia.eu\/municipisinnovadors\/ca\/las-naves-acull-una-jornada-sobre-municipis-innovadors-i-les-seues-missions-per-a-una-transicio-digital-verda-i-social\/\" \/>\n<meta property=\"og:locale\" content=\"en_US\" \/>\n<meta property=\"og:type\" content=\"article\" \/>\n<meta property=\"og:title\" content=\"Las Naves acull una Jornada sobre Municipis Innovadors i les seues missions per a una transici\u00f3 digital, verda i social. - Missions per a municipis\" \/>\n<meta property=\"og:description\" content=\"El Programa Municipis Innovadors, organitzat per la Direcci\u00f3 General d&#8217;Innovaci\u00f3 de la Conselleria d&#8217;Innovaci\u00f3, Universitats, Ci\u00e8ncia i Societat Digital de la Generalitat Valenciana, en col\u00b7laboraci\u00f3 amb el Centre d&#8217;Innovaci\u00f3 Las Naves, ha celebrat una trobada per a desenvolupar una estrat\u00e8gia municipal d&#8217;innovaci\u00f3 orientada a missions per a una transici\u00f3 digital, verda i social. L&#8217;acte impulsat &hellip; Las Naves acull una Jornada sobre Municipis Innovadors i les seues missions per a una transici\u00f3 digital, verda i social. Read More &raquo;\" \/>\n<meta property=\"og:url\" content=\"https:\/\/missionsvalencia.eu\/municipisinnovadors\/ca\/las-naves-acull-una-jornada-sobre-municipis-innovadors-i-les-seues-missions-per-a-una-transicio-digital-verda-i-social\/\" \/>\n<meta property=\"og:site_name\" content=\"Missions per a municipis\" \/>\n<meta property=\"article:publisher\" content=\"https:\/\/www.facebook.com\/LasNavesINN\" \/>\n<meta property=\"article:published_time\" content=\"2022-09-23T09:23:34+00:00\" \/>\n<meta property=\"article:modified_time\" content=\"2022-09-23T09:24:25+00:00\" \/>\n<meta property=\"og:image\" content=\"https:\/\/missionsvalencia.eu\/municipisinnovadors\/wp-content\/uploads\/2022\/09\/Jornada-Transicio\u0301n-Digital-Verde-y-Social-6-1.jpeg\" \/>\n\t<meta property=\"og:image:width\" content=\"1599\" \/>\n\t<meta property=\"og:image:height\" content=\"1066\" \/>\n\t<meta property=\"og:image:type\" content=\"image\/jpeg\" \/>\n<meta name=\"author\" content=\"Comunicacio Municipis\" \/>\n<meta name=\"twitter:card\" content=\"summary_large_image\" \/>\n<meta name=\"twitter:creator\" content=\"@LasNavesINN\" \/>\n<meta name=\"twitter:site\" content=\"@LasNavesINN\" \/>\n<meta name=\"twitter:label1\" content=\"Written by\" \/>\n\t<meta name=\"twitter:data1\" content=\"Comunicacio Municipis\" \/>\n\t<meta name=\"twitter:label2\" content=\"Est. reading time\" \/>\n\t<meta name=\"twitter:data2\" content=\"3 minutes\" \/>\n<script type=\"application\/ld+json\" class=\"yoast-schema-graph\">{\"@context\":\"https:\/\/schema.org\",\"@graph\":[{\"@type\":\"Article\",\"@id\":\"https:\/\/missionsvalencia.eu\/municipisinnovadors\/ca\/las-naves-acull-una-jornada-sobre-municipis-innovadors-i-les-seues-missions-per-a-una-transicio-digital-verda-i-social\/#article\",\"isPartOf\":{\"@id\":\"https:\/\/missionsvalencia.eu\/municipisinnovadors\/ca\/las-naves-acull-una-jornada-sobre-municipis-innovadors-i-les-seues-missions-per-a-una-transicio-digital-verda-i-social\/\"},\"author\":{\"name\":\"Comunicacio Municipis\",\"@id\":\"https:\/\/missionsvalencia.eu\/municipisinnovadors\/#\/schema\/person\/db10d3ff1e50d35203dc6ac274ba9fa8\"},\"headline\":\"Las Naves acull una Jornada sobre Municipis Innovadors i les seues missions per a una transici\u00f3 digital, verda i social.\",\"datePublished\":\"2022-09-23T09:23:34+00:00\",\"dateModified\":\"2022-09-23T09:24:25+00:00\",\"mainEntityOfPage\":{\"@id\":\"https:\/\/missionsvalencia.eu\/municipisinnovadors\/ca\/las-naves-acull-una-jornada-sobre-municipis-innovadors-i-les-seues-missions-per-a-una-transicio-digital-verda-i-social\/\"},\"wordCount\":578,\"commentCount\":0,\"publisher\":{\"@id\":\"https:\/\/missionsvalencia.eu\/municipisinnovadors\/#organization\"},\"articleSection\":[\"Sense categoria\"],\"inLanguage\":\"val\",\"potentialAction\":[{\"@type\":\"CommentAction\",\"name\":\"Comment\",\"target\":[\"https:\/\/missionsvalencia.eu\/municipisinnovadors\/ca\/las-naves-acull-una-jornada-sobre-municipis-innovadors-i-les-seues-missions-per-a-una-transicio-digital-verda-i-social\/#respond\"]}]},{\"@type\":\"WebPage\",\"@id\":\"https:\/\/missionsvalencia.eu\/municipisinnovadors\/ca\/las-naves-acull-una-jornada-sobre-municipis-innovadors-i-les-seues-missions-per-a-una-transicio-digital-verda-i-social\/\",\"url\":\"https:\/\/missionsvalencia.eu\/municipisinnovadors\/ca\/las-naves-acull-una-jornada-sobre-municipis-innovadors-i-les-seues-missions-per-a-una-transicio-digital-verda-i-social\/\",\"name\":\"Las Naves acull una Jornada sobre Municipis Innovadors i les seues missions per a una transici\u00f3 digital, verda i social. - Missions per a municipis\",\"isPartOf\":{\"@id\":\"https:\/\/missionsvalencia.eu\/municipisinnovadors\/#website\"},\"datePublished\":\"2022-09-23T09:23:34+00:00\",\"dateModified\":\"2022-09-23T09:24:25+00:00\",\"breadcrumb\":{\"@id\":\"https:\/\/missionsvalencia.eu\/municipisinnovadors\/ca\/las-naves-acull-una-jornada-sobre-municipis-innovadors-i-les-seues-missions-per-a-una-transicio-digital-verda-i-social\/#breadcrumb\"},\"inLanguage\":\"val\",\"potentialAction\":[{\"@type\":\"ReadAction\",\"target\":[\"https:\/\/missionsvalencia.eu\/municipisinnovadors\/ca\/las-naves-acull-una-jornada-sobre-municipis-innovadors-i-les-seues-missions-per-a-una-transicio-digital-verda-i-social\/\"]}]},{\"@type\":\"BreadcrumbList\",\"@id\":\"https:\/\/missionsvalencia.eu\/municipisinnovadors\/ca\/las-naves-acull-una-jornada-sobre-municipis-innovadors-i-les-seues-missions-per-a-una-transicio-digital-verda-i-social\/#breadcrumb\",\"itemListElement\":[{\"@type\":\"ListItem\",\"position\":1,\"name\":\"Portada\",\"item\":\"https:\/\/missionsvalencia.eu\/municipisinnovadors\/ca\/\"},{\"@type\":\"ListItem\",\"position\":2,\"name\":\"Las Naves acull una Jornada sobre Municipis Innovadors i les seues missions per a una transici\u00f3 digital, verda i social.\"}]},{\"@type\":\"WebSite\",\"@id\":\"https:\/\/missionsvalencia.eu\/municipisinnovadors\/#website\",\"url\":\"https:\/\/missionsvalencia.eu\/municipisinnovadors\/\",\"name\":\"Missions per a municipis\",\"description\":\"Programa de innovaci\u00f3n para municipios orientados a Missions\",\"publisher\":{\"@id\":\"https:\/\/missionsvalencia.eu\/municipisinnovadors\/#organization\"},\"potentialAction\":[{\"@type\":\"SearchAction\",\"target\":{\"@type\":\"EntryPoint\",\"urlTemplate\":\"https:\/\/missionsvalencia.eu\/municipisinnovadors\/?s={search_term_string}\"},\"query-input\":\"required name=search_term_string\"}],\"inLanguage\":\"val\"},{\"@type\":\"Organization\",\"@id\":\"https:\/\/missionsvalencia.eu\/municipisinnovadors\/#organization\",\"name\":\"Missions per a municipis\",\"url\":\"https:\/\/missionsvalencia.eu\/municipisinnovadors\/\",\"logo\":{\"@type\":\"ImageObject\",\"inLanguage\":\"val\",\"@id\":\"https:\/\/missionsvalencia.eu\/municipisinnovadors\/#\/schema\/logo\/image\/\",\"url\":\"https:\/\/missionsvalencia.eu\/municipisinnovadors\/wp-content\/uploads\/2021\/07\/LogoPrincipalBlanco.png\",\"contentUrl\":\"https:\/\/missionsvalencia.eu\/municipisinnovadors\/wp-content\/uploads\/2021\/07\/LogoPrincipalBlanco.png\",\"width\":1113,\"height\":218,\"caption\":\"Missions per a municipis\"},\"image\":{\"@id\":\"https:\/\/missionsvalencia.eu\/municipisinnovadors\/#\/schema\/logo\/image\/\"},\"sameAs\":[\"https:\/\/www.instagram.com\/LASNAVES\/\",\"https:\/\/www.youtube.com\/channel\/UC71-dfd6_DBnNjmy544hb1Q\",\"https:\/\/www.flickr.com\/photos\/inndeavalencia\/\",\"https:\/\/www.facebook.com\/LasNavesINN\",\"https:\/\/twitter.com\/LasNavesINN\"]},{\"@type\":\"Person\",\"@id\":\"https:\/\/missionsvalencia.eu\/municipisinnovadors\/#\/schema\/person\/db10d3ff1e50d35203dc6ac274ba9fa8\",\"name\":\"Comunicacio Municipis\",\"image\":{\"@type\":\"ImageObject\",\"inLanguage\":\"val\",\"@id\":\"https:\/\/missionsvalencia.eu\/municipisinnovadors\/#\/schema\/person\/image\/\",\"url\":\"https:\/\/secure.gravatar.com\/avatar\/b54a83ceaecdbf63e8b96c3d37a040e1e177bdf04a4413835e52dafa24e8128b?s=96&d=mm&r=g\",\"contentUrl\":\"https:\/\/secure.gravatar.com\/avatar\/b54a83ceaecdbf63e8b96c3d37a040e1e177bdf04a4413835e52dafa24e8128b?s=96&d=mm&r=g\",\"caption\":\"Comunicacio Municipis\"},\"url\":\"https:\/\/missionsvalencia.eu\/municipisinnovadors\/ca\/author\/comunicacio-municipis\/\"}]}<\/script>\n<!-- \/ Yoast SEO plugin. -->","yoast_head_json":{"title":"Las Naves acull una Jornada sobre Municipis Innovadors i les seues missions per a una transici\u00f3 digital, verda i social. - Missions per a municipis","robots":{"index":"index","follow":"follow","max-snippet":"max-snippet:-1","max-image-preview":"max-image-preview:large","max-video-preview":"max-video-preview:-1"},"canonical":"https:\/\/missionsvalencia.eu\/municipisinnovadors\/ca\/las-naves-acull-una-jornada-sobre-municipis-innovadors-i-les-seues-missions-per-a-una-transicio-digital-verda-i-social\/","og_locale":"en_US","og_type":"article","og_title":"Las Naves acull una Jornada sobre Municipis Innovadors i les seues missions per a una transici\u00f3 digital, verda i social. - Missions per a municipis","og_description":"El Programa Municipis Innovadors, organitzat per la Direcci\u00f3 General d&#8217;Innovaci\u00f3 de la Conselleria d&#8217;Innovaci\u00f3, Universitats, Ci\u00e8ncia i Societat Digital de la Generalitat Valenciana, en col\u00b7laboraci\u00f3 amb el Centre d&#8217;Innovaci\u00f3 Las Naves, ha celebrat una trobada per a desenvolupar una estrat\u00e8gia municipal d&#8217;innovaci\u00f3 orientada a missions per a una transici\u00f3 digital, verda i social. L&#8217;acte impulsat &hellip; Las Naves acull una Jornada sobre Municipis Innovadors i les seues missions per a una transici\u00f3 digital, verda i social. Read More &raquo;","og_url":"https:\/\/missionsvalencia.eu\/municipisinnovadors\/ca\/las-naves-acull-una-jornada-sobre-municipis-innovadors-i-les-seues-missions-per-a-una-transicio-digital-verda-i-social\/","og_site_name":"Missions per a municipis","article_publisher":"https:\/\/www.facebook.com\/LasNavesINN","article_published_time":"2022-09-23T09:23:34+00:00","article_modified_time":"2022-09-23T09:24:25+00:00","og_image":[{"width":1599,"height":1066,"url":"https:\/\/missionsvalencia.eu\/municipisinnovadors\/wp-content\/uploads\/2022\/09\/Jornada-Transicio\u0301n-Digital-Verde-y-Social-6-1.jpeg","type":"image\/jpeg"}],"author":"Comunicacio Municipis","twitter_card":"summary_large_image","twitter_creator":"@LasNavesINN","twitter_site":"@LasNavesINN","twitter_misc":{"Written by":"Comunicacio Municipis","Est. reading time":"3 minutes"},"schema":{"@context":"https:\/\/schema.org","@graph":[{"@type":"Article","@id":"https:\/\/missionsvalencia.eu\/municipisinnovadors\/ca\/las-naves-acull-una-jornada-sobre-municipis-innovadors-i-les-seues-missions-per-a-una-transicio-digital-verda-i-social\/#article","isPartOf":{"@id":"https:\/\/missionsvalencia.eu\/municipisinnovadors\/ca\/las-naves-acull-una-jornada-sobre-municipis-innovadors-i-les-seues-missions-per-a-una-transicio-digital-verda-i-social\/"},"author":{"name":"Comunicacio Municipis","@id":"https:\/\/missionsvalencia.eu\/municipisinnovadors\/#\/schema\/person\/db10d3ff1e50d35203dc6ac274ba9fa8"},"headline":"Las Naves acull una Jornada sobre Municipis Innovadors i les seues missions per a una transici\u00f3 digital, verda i social.","datePublished":"2022-09-23T09:23:34+00:00","dateModified":"2022-09-23T09:24:25+00:00","mainEntityOfPage":{"@id":"https:\/\/missionsvalencia.eu\/municipisinnovadors\/ca\/las-naves-acull-una-jornada-sobre-municipis-innovadors-i-les-seues-missions-per-a-una-transicio-digital-verda-i-social\/"},"wordCount":578,"commentCount":0,"publisher":{"@id":"https:\/\/missionsvalencia.eu\/municipisinnovadors\/#organization"},"articleSection":["Sense categoria"],"inLanguage":"val","potentialAction":[{"@type":"CommentAction","name":"Comment","target":["https:\/\/missionsvalencia.eu\/municipisinnovadors\/ca\/las-naves-acull-una-jornada-sobre-municipis-innovadors-i-les-seues-missions-per-a-una-transicio-digital-verda-i-social\/#respond"]}]},{"@type":"WebPage","@id":"https:\/\/missionsvalencia.eu\/municipisinnovadors\/ca\/las-naves-acull-una-jornada-sobre-municipis-innovadors-i-les-seues-missions-per-a-una-transicio-digital-verda-i-social\/","url":"https:\/\/missionsvalencia.eu\/municipisinnovadors\/ca\/las-naves-acull-una-jornada-sobre-municipis-innovadors-i-les-seues-missions-per-a-una-transicio-digital-verda-i-social\/","name":"Las Naves acull una Jornada sobre Municipis Innovadors i les seues missions per a una transici\u00f3 digital, verda i social. - Missions per a municipis","isPartOf":{"@id":"https:\/\/missionsvalencia.eu\/municipisinnovadors\/#website"},"datePublished":"2022-09-23T09:23:34+00:00","dateModified":"2022-09-23T09:24:25+00:00","breadcrumb":{"@id":"https:\/\/missionsvalencia.eu\/municipisinnovadors\/ca\/las-naves-acull-una-jornada-sobre-municipis-innovadors-i-les-seues-missions-per-a-una-transicio-digital-verda-i-social\/#breadcrumb"},"inLanguage":"val","potentialAction":[{"@type":"ReadAction","target":["https:\/\/missionsvalencia.eu\/municipisinnovadors\/ca\/las-naves-acull-una-jornada-sobre-municipis-innovadors-i-les-seues-missions-per-a-una-transicio-digital-verda-i-social\/"]}]},{"@type":"BreadcrumbList","@id":"https:\/\/missionsvalencia.eu\/municipisinnovadors\/ca\/las-naves-acull-una-jornada-sobre-municipis-innovadors-i-les-seues-missions-per-a-una-transicio-digital-verda-i-social\/#breadcrumb","itemListElement":[{"@type":"ListItem","position":1,"name":"Portada","item":"https:\/\/missionsvalencia.eu\/municipisinnovadors\/ca\/"},{"@type":"ListItem","position":2,"name":"Las Naves acull una Jornada sobre Municipis Innovadors i les seues missions per a una transici\u00f3 digital, verda i social."}]},{"@type":"WebSite","@id":"https:\/\/missionsvalencia.eu\/municipisinnovadors\/#website","url":"https:\/\/missionsvalencia.eu\/municipisinnovadors\/","name":"Missions per a municipis","description":"Programa de innovaci\u00f3n para municipios orientados a Missions","publisher":{"@id":"https:\/\/missionsvalencia.eu\/municipisinnovadors\/#organization"},"potentialAction":[{"@type":"SearchAction","target":{"@type":"EntryPoint","urlTemplate":"https:\/\/missionsvalencia.eu\/municipisinnovadors\/?s={search_term_string}"},"query-input":"required name=search_term_string"}],"inLanguage":"val"},{"@type":"Organization","@id":"https:\/\/missionsvalencia.eu\/municipisinnovadors\/#organization","name":"Missions per a municipis","url":"https:\/\/missionsvalencia.eu\/municipisinnovadors\/","logo":{"@type":"ImageObject","inLanguage":"val","@id":"https:\/\/missionsvalencia.eu\/municipisinnovadors\/#\/schema\/logo\/image\/","url":"https:\/\/missionsvalencia.eu\/municipisinnovadors\/wp-content\/uploads\/2021\/07\/LogoPrincipalBlanco.png","contentUrl":"https:\/\/missionsvalencia.eu\/municipisinnovadors\/wp-content\/uploads\/2021\/07\/LogoPrincipalBlanco.png","width":1113,"height":218,"caption":"Missions per a municipis"},"image":{"@id":"https:\/\/missionsvalencia.eu\/municipisinnovadors\/#\/schema\/logo\/image\/"},"sameAs":["https:\/\/www.instagram.com\/LASNAVES\/","https:\/\/www.youtube.com\/channel\/UC71-dfd6_DBnNjmy544hb1Q","https:\/\/www.flickr.com\/photos\/inndeavalencia\/","https:\/\/www.facebook.com\/LasNavesINN","https:\/\/twitter.com\/LasNavesINN"]},{"@type":"Person","@id":"https:\/\/missionsvalencia.eu\/municipisinnovadors\/#\/schema\/person\/db10d3ff1e50d35203dc6ac274ba9fa8","name":"Comunicacio Municipis","image":{"@type":"ImageObject","inLanguage":"val","@id":"https:\/\/missionsvalencia.eu\/municipisinnovadors\/#\/schema\/person\/image\/","url":"https:\/\/secure.gravatar.com\/avatar\/b54a83ceaecdbf63e8b96c3d37a040e1e177bdf04a4413835e52dafa24e8128b?s=96&d=mm&r=g","contentUrl":"https:\/\/secure.gravatar.com\/avatar\/b54a83ceaecdbf63e8b96c3d37a040e1e177bdf04a4413835e52dafa24e8128b?s=96&d=mm&r=g","caption":"Comunicacio Municipis"},"url":"https:\/\/missionsvalencia.eu\/municipisinnovadors\/ca\/author\/comunicacio-municipis\/"}]}},"_links":{"self":[{"href":"https:\/\/missionsvalencia.eu\/municipisinnovadors\/ca\/wp-json\/wp\/v2\/posts\/1816","targetHints":{"allow":["GET"]}}],"collection":[{"href":"https:\/\/missionsvalencia.eu\/municipisinnovadors\/ca\/wp-json\/wp\/v2\/posts"}],"about":[{"href":"https:\/\/missionsvalencia.eu\/municipisinnovadors\/ca\/wp-json\/wp\/v2\/types\/post"}],"author":[{"embeddable":true,"href":"https:\/\/missionsvalencia.eu\/municipisinnovadors\/ca\/wp-json\/wp\/v2\/users\/6"}],"replies":[{"embeddable":true,"href":"https:\/\/missionsvalencia.eu\/municipisinnovadors\/ca\/wp-json\/wp\/v2\/comments?post=1816"}],"version-history":[{"count":1,"href":"https:\/\/missionsvalencia.eu\/municipisinnovadors\/ca\/wp-json\/wp\/v2\/posts\/1816\/revisions"}],"predecessor-version":[{"id":1817,"href":"https:\/\/missionsvalencia.eu\/municipisinnovadors\/ca\/wp-json\/wp\/v2\/posts\/1816\/revisions\/1817"}],"wp:featuredmedia":[{"embeddable":true,"href":"https:\/\/missionsvalencia.eu\/municipisinnovadors\/ca\/wp-json\/wp\/v2\/media\/1803"}],"wp:attachment":[{"href":"https:\/\/missionsvalencia.eu\/municipisinnovadors\/ca\/wp-json\/wp\/v2\/media?parent=1816"}],"wp:term":[{"taxonomy":"category","embeddable":true,"href":"https:\/\/missionsvalencia.eu\/municipisinnovadors\/ca\/wp-json\/wp\/v2\/categories?post=1816"},{"taxonomy":"post_tag","embeddable":true,"href":"https:\/\/missionsvalencia.eu\/municipisinnovadors\/ca\/wp-json\/wp\/v2\/tags?post=1816"}],"curies":[{"name":"wp","href":"https:\/\/api.w.org\/{rel}","templated":true}]}}