{"id":2033,"date":"2022-10-25T17:09:03","date_gmt":"2022-10-25T15:09:03","guid":{"rendered":"https:\/\/missionsvalencia.eu\/municipisinnovadors\/?p=2033"},"modified":"2022-10-25T17:15:00","modified_gmt":"2022-10-25T15:15:00","slug":"denia-lalfas-del-pi-riba-roja-de-turia-ontinyent-vila-real-i-onda-presenten-les-seues-missions-dinnovacio-en-las-naves","status":"publish","type":"post","link":"https:\/\/missionsvalencia.eu\/municipisinnovadors\/ca\/denia-lalfas-del-pi-riba-roja-de-turia-ontinyent-vila-real-i-onda-presenten-les-seues-missions-dinnovacio-en-las-naves\/","title":{"rendered":"D\u00e9nia, L\u2019Alf\u00e0s del Pi, Riba-roja de T\u00faria, Ontinyent, Vila-real i Onda presenten les seues missions d\u2019innovaci\u00f3 en Las Naves"},"content":{"rendered":"<p><strong>\/ Gata de Gorgos, Elx, Orpesa, Vinar\u00f2s, Tavernes de la Valldigna i Algemes\u00ed <\/strong><strong>han participat<\/strong><strong> amb les conclusions de les seues estrat\u00e8gies d&#8217;innovaci\u00f3 orientades a Missions.<\/strong><\/p>\n<p><strong>\/ El Programa Municipis Innovadors, organitzat per la Direcci\u00f3 General d\u2019Innovaci\u00f3 de la Conselleria d\u2019Innovaci\u00f3, Universitats, Ci\u00e8ncia i Societat Digital de la Generalitat Valenciana, en col\u00b7laboraci\u00f3 amb el centre d\u2019innovaci\u00f3 Las Naves, <\/strong><strong>ha celebrat <\/strong><strong>el 25 d\u2019octubre el seu esdeveniment de tancament.<\/strong><\/p>\n<p><strong>\u00a0<\/strong>L&#8217;acte de cloenda del Programa Municipis Innovadors, impulsat per Las Naves i la Conselleria d&#8217;Innovaci\u00f3<strong>, <\/strong>Universitats, Ci\u00e8ncia i Societat Digital de la Generalitat Valenciana, s\u00b4ha celebrat el 25 d\u2019octubre a les 10:00h, el final del proc\u00e9s de desenvolupament i desplegament de les estrat\u00e8gies i missions de les dotze ciutats innovadores que han participat amb l\u2019objectiu de millorar la vida de les persones.<\/p>\n<p>L&#8217;obertura institucional ha sigut a c\u00e0rrec del regidor d&#8217;Innovaci\u00f3 i Gesti\u00f3 del Coneixement de l&#8217;Ajuntament de Val\u00e8ncia, Carlos Galiana que ha manifestat que \u201cesta setmana \u00e9s clau per a la ciutat i la seua innovaci\u00f3 per la defensa de la nostra candidatura a la Capital Europea de la Innovaci\u00f3 davant la Comissi\u00f3 Europea. Competim contra 5 altres ciutats europees. Tenim una candidatura de tot l\u2019ecosistema d\u2019innovaci\u00f3 de la ciutat. Perqu\u00e8 la innovaci\u00f3 \u00e9s un viatge col\u00b7lectiu i amb esta candidatura ho hem demostrat m\u00e9s que mai.\u201d<\/p>\n<p>Galiana ha agra\u00eft a tots els municipis la seua confian\u00e7a en el programa, que ja porta dues edicions, i que no ha fet m\u00e9s que comen\u00e7ar a caminar.<\/p>\n<p>En primer lloc han participat les ciutats d\u2019enguany, Gata de Gorgos, Elx, Orpesa, Vinar\u00f2s, Tavernes de la Valldigna i Algemes\u00ed, que han presentat les seues estrat\u00e8gies municipals d&#8217;innovaci\u00f3 orientades a Missions. D\u2019altra banda, els municipis de 2021, Riba-roja de T\u00faria, Ontinyent, Vila-real, Onda, D\u00e9nia i L\u2019Alf\u00e0s del Pi, han presentat breument les missions escollides i els primers passos per desplegar-les. Vides llargues i saludables de l\u2019Alf\u00e0s del Pi; Amiga de la inf\u00e0ncia de D\u00e9nia; Un cam\u00ed verd i sostenible cap al 2030 d\u2019Onda; la missi\u00f3 d\u2019Ontinyent com a ciutat impulsora de projectes d\u2019innovaci\u00f3; Riba-roja compensa, un municipi sense emissions; i tamb\u00e9 coneixerem la nova Vila-real del segle XXI.<\/p>\n<p>A la cloenda han assistit els representants de les 12 ciutats de la qu\u00edntuple h\u00e8lice del municipi: societat civil, sector privat, sector p\u00fablic, Acad\u00e8mia i mitjans de comunicaci\u00f3 i tots els participants del Programa Municipis Innovadors que han treballat les estrat\u00e8gies i les missions innovadores de cadascun dels municipis.<\/p>\n<p>Municipis Innovadors forma part del Programa Territoris Innovadors de la Generalitat Valenciana i t\u00e9 per objectiu acompanyar a les ciutats en l&#8217;estrat\u00e8gia per a identificar i preparar el posterior desenvolupament de missions innovadores, ajudant-los a posicionar-se com a ents punters en el camp de la innovaci\u00f3 i per tant i especialment, a triar models de ciutat que milloren la vida de les persones.<\/p>\n<p>Amb aquest objectiu els municipis han identificat els reptes urbans mitjan\u00e7ant diagn\u00f2stics participatius, han definit els models de ciutat i les \u00e0rees de rellev\u00e0ncia de cada municipi i han elaborat un marc estrat\u00e8gic i un cat\u00e0leg de missions durant els quatre tallers celebrats en Las Naves.<\/p>\n<p>Els municipis participants de les dues edicions han rebut formaci\u00f3, assessorament, desenvolupament de materials i acompanyament en el desplegament d&#8217;accions sobre les missions que han triat a trav\u00e9s de processos participatius en cadascuna de les ciutats innovadores.<\/p>\n<p>La directora general d&#8217;Innovaci\u00f3 de la Generalitat Valenciana, Sonia Tirado, ha sigut l&#8217;encarregada de clausurar el Programa Municipis Innovadors i ha indicat el \u201cagra\u00efment a tots els municipis i la seua participaci\u00f3 en el nou model de treballar la innovaci\u00f3 des de les ciutats amb el programa de Territoris Innovadors i des d&#8217;una perspectiva de transfer\u00e8ncia del coneixement que ha fet possible una col\u00b7laboraci\u00f3 en xarxa entre els municipis que fa possible portar avant els projectes d&#8217;innovaci\u00f3 amb la col\u00b7laboraci\u00f3 de la ciutadania i de tots els agents del municipi\u201d.<\/p>\n<p>L&#8217;acte s&#8217;ha retransm\u00e9s per streaming pel canal de Youtube de Las Naves.<\/p>\n<p><strong>Missions Val\u00e8ncia 2030<\/strong><\/p>\n<p>El centre d&#8217;innovaci\u00f3 Las Naves i la Delegaci\u00f3 d&#8217;Innovaci\u00f3 i Gesti\u00f3 del Coneixement de l&#8217;Ajuntament de Val\u00e8ncia s\u00f3n els responsables de Missions Val\u00e8ncia 2030, un model de governan\u00e7a de la innovaci\u00f3 basat en missions que milloren la vida de les persones. Aquest model de governan\u00e7a conjumina a tot l&#8217;ecosistema d&#8217;innovaci\u00f3 sense excloure a ning\u00fa, perqu\u00e8 les missions d&#8217;una ciutat, d&#8217;un pa\u00eds o de tota Europa s&#8217;aconsegueixen des de la diversitat i amb la suma de totes les parts, de tot el talent i de totes les fonts de coneixement.<\/p>\n<p>Actualment Val\u00e8ncia est\u00e0 treballant en la Missi\u00f3 Clim\u00e0tica Val\u00e8ncia 2030, amb l&#8217;objectiu de convertir a Val\u00e8ncia en una ciutat clim\u00e0ticament neutra. A m\u00e9s, la ciutat ja forma part de les 100 ciutats que la Comissi\u00f3 Europea ha seleccionat dins de la missi\u00f3 \u00abciutats intel\u00b7ligents i clim\u00e0ticament neutres\u00bb i ha sigut seleccionada com a semifinalista en els iCapital Awards 2022, que reconeixen cada any a una ciutat europea com a Capital Europea de la Innovaci\u00f3.<\/p>\n<p>&nbsp;<\/p>\n<p><img loading=\"lazy\" decoding=\"async\" class=\"alignnone size-medium wp-image-2024\" style=\"font-weight: inherit;\" src=\"https:\/\/missionsvalencia.eu\/municipisinnovadors\/wp-content\/uploads\/2022\/10\/Cloenda-25-10-22-65-1-300x200.jpg\" alt=\"\" width=\"300\" height=\"200\" srcset=\"https:\/\/missionsvalencia.eu\/municipisinnovadors\/wp-content\/uploads\/2022\/10\/Cloenda-25-10-22-65-1-300x200.jpg 300w, https:\/\/missionsvalencia.eu\/municipisinnovadors\/wp-content\/uploads\/2022\/10\/Cloenda-25-10-22-65-1-1024x683.jpg 1024w, https:\/\/missionsvalencia.eu\/municipisinnovadors\/wp-content\/uploads\/2022\/10\/Cloenda-25-10-22-65-1-768x512.jpg 768w, https:\/\/missionsvalencia.eu\/municipisinnovadors\/wp-content\/uploads\/2022\/10\/Cloenda-25-10-22-65-1-1536x1024.jpg 1536w, https:\/\/missionsvalencia.eu\/municipisinnovadors\/wp-content\/uploads\/2022\/10\/Cloenda-25-10-22-65-1.jpg 2048w\" sizes=\"auto, (max-width: 300px) 100vw, 300px\" \/><img loading=\"lazy\" decoding=\"async\" class=\"alignnone size-medium wp-image-2022\" style=\"font-weight: inherit;\" src=\"https:\/\/missionsvalencia.eu\/municipisinnovadors\/wp-content\/uploads\/2022\/10\/Cloenda-25-10-22-15-1-300x200.jpg\" alt=\"\" width=\"300\" height=\"200\" srcset=\"https:\/\/missionsvalencia.eu\/municipisinnovadors\/wp-content\/uploads\/2022\/10\/Cloenda-25-10-22-15-1-300x200.jpg 300w, https:\/\/missionsvalencia.eu\/municipisinnovadors\/wp-content\/uploads\/2022\/10\/Cloenda-25-10-22-15-1-1024x683.jpg 1024w, https:\/\/missionsvalencia.eu\/municipisinnovadors\/wp-content\/uploads\/2022\/10\/Cloenda-25-10-22-15-1-768x512.jpg 768w, https:\/\/missionsvalencia.eu\/municipisinnovadors\/wp-content\/uploads\/2022\/10\/Cloenda-25-10-22-15-1-1536x1024.jpg 1536w, https:\/\/missionsvalencia.eu\/municipisinnovadors\/wp-content\/uploads\/2022\/10\/Cloenda-25-10-22-15-1.jpg 2048w\" sizes=\"auto, (max-width: 300px) 100vw, 300px\" \/><img loading=\"lazy\" decoding=\"async\" class=\"alignnone size-medium wp-image-2026\" style=\"font-style: inherit; font-weight: inherit;\" src=\"https:\/\/missionsvalencia.eu\/municipisinnovadors\/wp-content\/uploads\/2022\/10\/Cloenda-25-10-22-59-1-300x200.jpg\" alt=\"\" width=\"300\" height=\"200\" srcset=\"https:\/\/missionsvalencia.eu\/municipisinnovadors\/wp-content\/uploads\/2022\/10\/Cloenda-25-10-22-59-1-300x200.jpg 300w, https:\/\/missionsvalencia.eu\/municipisinnovadors\/wp-content\/uploads\/2022\/10\/Cloenda-25-10-22-59-1-1024x683.jpg 1024w, https:\/\/missionsvalencia.eu\/municipisinnovadors\/wp-content\/uploads\/2022\/10\/Cloenda-25-10-22-59-1-768x512.jpg 768w, https:\/\/missionsvalencia.eu\/municipisinnovadors\/wp-content\/uploads\/2022\/10\/Cloenda-25-10-22-59-1-1536x1024.jpg 1536w, https:\/\/missionsvalencia.eu\/municipisinnovadors\/wp-content\/uploads\/2022\/10\/Cloenda-25-10-22-59-1.jpg 2048w\" sizes=\"auto, (max-width: 300px) 100vw, 300px\" \/><img loading=\"lazy\" decoding=\"async\" class=\"alignnone size-medium wp-image-2028\" style=\"font-style: inherit; font-weight: inherit;\" src=\"https:\/\/missionsvalencia.eu\/municipisinnovadors\/wp-content\/uploads\/2022\/10\/Cloenda-25-10-22-39-1-300x200.jpg\" alt=\"\" width=\"300\" height=\"200\" srcset=\"https:\/\/missionsvalencia.eu\/municipisinnovadors\/wp-content\/uploads\/2022\/10\/Cloenda-25-10-22-39-1-300x200.jpg 300w, https:\/\/missionsvalencia.eu\/municipisinnovadors\/wp-content\/uploads\/2022\/10\/Cloenda-25-10-22-39-1-1024x683.jpg 1024w, https:\/\/missionsvalencia.eu\/municipisinnovadors\/wp-content\/uploads\/2022\/10\/Cloenda-25-10-22-39-1-768x512.jpg 768w, https:\/\/missionsvalencia.eu\/municipisinnovadors\/wp-content\/uploads\/2022\/10\/Cloenda-25-10-22-39-1-1536x1024.jpg 1536w, https:\/\/missionsvalencia.eu\/municipisinnovadors\/wp-content\/uploads\/2022\/10\/Cloenda-25-10-22-39-1.jpg 2048w\" sizes=\"auto, (max-width: 300px) 100vw, 300px\" \/><span style=\"font-size: 16px;\">\u00a0<\/span><img loading=\"lazy\" decoding=\"async\" class=\"alignnone size-medium wp-image-2020\" style=\"font-style: inherit; font-weight: inherit;\" src=\"https:\/\/missionsvalencia.eu\/municipisinnovadors\/wp-content\/uploads\/2022\/10\/Photocall-8-1-300x200.jpg\" alt=\"\" width=\"300\" height=\"200\" srcset=\"https:\/\/missionsvalencia.eu\/municipisinnovadors\/wp-content\/uploads\/2022\/10\/Photocall-8-1-300x200.jpg 300w, https:\/\/missionsvalencia.eu\/municipisinnovadors\/wp-content\/uploads\/2022\/10\/Photocall-8-1-1024x683.jpg 1024w, https:\/\/missionsvalencia.eu\/municipisinnovadors\/wp-content\/uploads\/2022\/10\/Photocall-8-1-768x512.jpg 768w, https:\/\/missionsvalencia.eu\/municipisinnovadors\/wp-content\/uploads\/2022\/10\/Photocall-8-1-1536x1024.jpg 1536w, https:\/\/missionsvalencia.eu\/municipisinnovadors\/wp-content\/uploads\/2022\/10\/Photocall-8-1.jpg 2048w\" sizes=\"auto, (max-width: 300px) 100vw, 300px\" \/> <img loading=\"lazy\" decoding=\"async\" class=\"alignnone size-medium wp-image-2018\" style=\"font-style: inherit; font-weight: inherit;\" src=\"https:\/\/missionsvalencia.eu\/municipisinnovadors\/wp-content\/uploads\/2022\/10\/Photocall-9-1-300x200.jpg\" alt=\"\" width=\"300\" height=\"200\" srcset=\"https:\/\/missionsvalencia.eu\/municipisinnovadors\/wp-content\/uploads\/2022\/10\/Photocall-9-1-300x200.jpg 300w, https:\/\/missionsvalencia.eu\/municipisinnovadors\/wp-content\/uploads\/2022\/10\/Photocall-9-1-1024x683.jpg 1024w, https:\/\/missionsvalencia.eu\/municipisinnovadors\/wp-content\/uploads\/2022\/10\/Photocall-9-1-768x512.jpg 768w, https:\/\/missionsvalencia.eu\/municipisinnovadors\/wp-content\/uploads\/2022\/10\/Photocall-9-1-1536x1024.jpg 1536w, https:\/\/missionsvalencia.eu\/municipisinnovadors\/wp-content\/uploads\/2022\/10\/Photocall-9-1.jpg 2048w\" sizes=\"auto, (max-width: 300px) 100vw, 300px\" \/> <img loading=\"lazy\" decoding=\"async\" class=\"alignnone size-medium wp-image-2016\" style=\"font-style: inherit; font-weight: inherit;\" src=\"https:\/\/missionsvalencia.eu\/municipisinnovadors\/wp-content\/uploads\/2022\/10\/Photocall-13-1-300x200.jpg\" alt=\"\" width=\"300\" height=\"200\" srcset=\"https:\/\/missionsvalencia.eu\/municipisinnovadors\/wp-content\/uploads\/2022\/10\/Photocall-13-1-300x200.jpg 300w, https:\/\/missionsvalencia.eu\/municipisinnovadors\/wp-content\/uploads\/2022\/10\/Photocall-13-1-1024x683.jpg 1024w, https:\/\/missionsvalencia.eu\/municipisinnovadors\/wp-content\/uploads\/2022\/10\/Photocall-13-1-768x512.jpg 768w, https:\/\/missionsvalencia.eu\/municipisinnovadors\/wp-content\/uploads\/2022\/10\/Photocall-13-1-1536x1024.jpg 1536w, https:\/\/missionsvalencia.eu\/municipisinnovadors\/wp-content\/uploads\/2022\/10\/Photocall-13-1.jpg 2048w\" sizes=\"auto, (max-width: 300px) 100vw, 300px\" \/> <img loading=\"lazy\" decoding=\"async\" class=\"alignnone size-medium wp-image-2014\" style=\"font-style: inherit; font-weight: inherit;\" src=\"https:\/\/missionsvalencia.eu\/municipisinnovadors\/wp-content\/uploads\/2022\/10\/Photocall-12-1-300x200.jpg\" alt=\"\" width=\"300\" height=\"200\" srcset=\"https:\/\/missionsvalencia.eu\/municipisinnovadors\/wp-content\/uploads\/2022\/10\/Photocall-12-1-300x200.jpg 300w, https:\/\/missionsvalencia.eu\/municipisinnovadors\/wp-content\/uploads\/2022\/10\/Photocall-12-1-1024x683.jpg 1024w, https:\/\/missionsvalencia.eu\/municipisinnovadors\/wp-content\/uploads\/2022\/10\/Photocall-12-1-768x512.jpg 768w, https:\/\/missionsvalencia.eu\/municipisinnovadors\/wp-content\/uploads\/2022\/10\/Photocall-12-1-1536x1024.jpg 1536w, https:\/\/missionsvalencia.eu\/municipisinnovadors\/wp-content\/uploads\/2022\/10\/Photocall-12-1.jpg 2048w\" sizes=\"auto, (max-width: 300px) 100vw, 300px\" \/> <img loading=\"lazy\" decoding=\"async\" class=\"alignnone size-medium wp-image-2012\" style=\"font-style: inherit; font-weight: inherit;\" src=\"https:\/\/missionsvalencia.eu\/municipisinnovadors\/wp-content\/uploads\/2022\/10\/Photocall-11-1-300x200.jpg\" alt=\"\" width=\"300\" height=\"200\" srcset=\"https:\/\/missionsvalencia.eu\/municipisinnovadors\/wp-content\/uploads\/2022\/10\/Photocall-11-1-300x200.jpg 300w, https:\/\/missionsvalencia.eu\/municipisinnovadors\/wp-content\/uploads\/2022\/10\/Photocall-11-1-1024x683.jpg 1024w, https:\/\/missionsvalencia.eu\/municipisinnovadors\/wp-content\/uploads\/2022\/10\/Photocall-11-1-768x512.jpg 768w, https:\/\/missionsvalencia.eu\/municipisinnovadors\/wp-content\/uploads\/2022\/10\/Photocall-11-1-1536x1024.jpg 1536w, https:\/\/missionsvalencia.eu\/municipisinnovadors\/wp-content\/uploads\/2022\/10\/Photocall-11-1.jpg 2048w\" sizes=\"auto, (max-width: 300px) 100vw, 300px\" \/> <span style=\"font-size: 16px;\">\u00a0<\/span><span style=\"font-size: 16px;\">\u00a0<\/span><span style=\"font-size: 16px;\">\u00a0<\/span><\/p>\n","protected":false},"excerpt":{"rendered":"<p>\/ Gata de Gorgos, Elx, Orpesa, Vinar\u00f2s, Tavernes de la Valldigna i Algemes\u00ed han participat amb les conclusions de les seues estrat\u00e8gies d&#8217;innovaci\u00f3 orientades a Missions. \/ El Programa Municipis Innovadors, organitzat per la Direcci\u00f3 General d\u2019Innovaci\u00f3 de la Conselleria d\u2019Innovaci\u00f3, Universitats, Ci\u00e8ncia i Societat Digital de la Generalitat Valenciana, en col\u00b7laboraci\u00f3 amb el centre &hellip;<\/p>\n<p class=\"read-more\"> <a class=\"\" href=\"https:\/\/missionsvalencia.eu\/municipisinnovadors\/ca\/denia-lalfas-del-pi-riba-roja-de-turia-ontinyent-vila-real-i-onda-presenten-les-seues-missions-dinnovacio-en-las-naves\/\"> <span class=\"screen-reader-text\">D\u00e9nia, L\u2019Alf\u00e0s del Pi, Riba-roja de T\u00faria, Ontinyent, Vila-real i Onda presenten les seues missions d\u2019innovaci\u00f3 en Las Naves<\/span> Read More &raquo;<\/a><\/p>\n","protected":false},"author":6,"featured_media":2030,"comment_status":"open","ping_status":"closed","sticky":false,"template":"","format":"standard","meta":{"site-sidebar-layout":"default","site-content-layout":"default","ast-global-header-display":"","ast-main-header-display":"","ast-hfb-above-header-display":"","ast-hfb-below-header-display":"","ast-hfb-mobile-header-display":"","site-post-title":"","ast-breadcrumbs-content":"","ast-featured-img":"","footer-sml-layout":"","theme-transparent-header-meta":"default","adv-header-id-meta":"","stick-header-meta":"default","header-above-stick-meta":"","header-main-stick-meta":"","header-below-stick-meta":"","footnotes":""},"categories":[10],"tags":[],"class_list":["post-2033","post","type-post","status-publish","format-standard","has-post-thumbnail","hentry","category-sense-categoria"],"yoast_head":"<!-- This site is optimized with the Yoast SEO plugin v20.0 - https:\/\/yoast.com\/wordpress\/plugins\/seo\/ -->\n<title>D\u00e9nia, L\u2019Alf\u00e0s del Pi, Riba-roja de T\u00faria, Ontinyent, Vila-real i Onda presenten les seues missions d\u2019innovaci\u00f3 en Las Naves - Missions per a municipis<\/title>\n<meta name=\"robots\" content=\"index, follow, max-snippet:-1, max-image-preview:large, max-video-preview:-1\" \/>\n<link rel=\"canonical\" href=\"https:\/\/missionsvalencia.eu\/municipisinnovadors\/ca\/denia-lalfas-del-pi-riba-roja-de-turia-ontinyent-vila-real-i-onda-presenten-les-seues-missions-dinnovacio-en-las-naves\/\" \/>\n<meta property=\"og:locale\" content=\"en_US\" \/>\n<meta property=\"og:type\" content=\"article\" \/>\n<meta property=\"og:title\" content=\"D\u00e9nia, L\u2019Alf\u00e0s del Pi, Riba-roja de T\u00faria, Ontinyent, Vila-real i Onda presenten les seues missions d\u2019innovaci\u00f3 en Las Naves - Missions per a municipis\" \/>\n<meta property=\"og:description\" content=\"\/ Gata de Gorgos, Elx, Orpesa, Vinar\u00f2s, Tavernes de la Valldigna i Algemes\u00ed han participat amb les conclusions de les seues estrat\u00e8gies d&#8217;innovaci\u00f3 orientades a Missions. \/ El Programa Municipis Innovadors, organitzat per la Direcci\u00f3 General d\u2019Innovaci\u00f3 de la Conselleria d\u2019Innovaci\u00f3, Universitats, Ci\u00e8ncia i Societat Digital de la Generalitat Valenciana, en col\u00b7laboraci\u00f3 amb el centre &hellip; D\u00e9nia, L\u2019Alf\u00e0s del Pi, Riba-roja de T\u00faria, Ontinyent, Vila-real i Onda presenten les seues missions d\u2019innovaci\u00f3 en Las Naves Read More &raquo;\" \/>\n<meta property=\"og:url\" content=\"https:\/\/missionsvalencia.eu\/municipisinnovadors\/ca\/denia-lalfas-del-pi-riba-roja-de-turia-ontinyent-vila-real-i-onda-presenten-les-seues-missions-dinnovacio-en-las-naves\/\" \/>\n<meta property=\"og:site_name\" content=\"Missions per a municipis\" \/>\n<meta property=\"article:publisher\" content=\"https:\/\/www.facebook.com\/LasNavesINN\" \/>\n<meta property=\"article:published_time\" content=\"2022-10-25T15:09:03+00:00\" \/>\n<meta property=\"article:modified_time\" content=\"2022-10-25T15:15:00+00:00\" \/>\n<meta property=\"og:image\" content=\"https:\/\/missionsvalencia.eu\/municipisinnovadors\/wp-content\/uploads\/2022\/10\/Photocall-3-2.jpg\" \/>\n\t<meta property=\"og:image:width\" content=\"2048\" \/>\n\t<meta property=\"og:image:height\" content=\"1365\" \/>\n\t<meta property=\"og:image:type\" content=\"image\/jpeg\" \/>\n<meta name=\"author\" content=\"Comunicacio Municipis\" \/>\n<meta name=\"twitter:card\" content=\"summary_large_image\" \/>\n<meta name=\"twitter:creator\" content=\"@LasNavesINN\" \/>\n<meta name=\"twitter:site\" content=\"@LasNavesINN\" \/>\n<meta name=\"twitter:label1\" content=\"Written by\" \/>\n\t<meta name=\"twitter:data1\" content=\"Comunicacio Municipis\" \/>\n\t<meta name=\"twitter:label2\" content=\"Est. reading time\" \/>\n\t<meta name=\"twitter:data2\" content=\"4 minutes\" \/>\n<script type=\"application\/ld+json\" class=\"yoast-schema-graph\">{\"@context\":\"https:\/\/schema.org\",\"@graph\":[{\"@type\":\"Article\",\"@id\":\"https:\/\/missionsvalencia.eu\/municipisinnovadors\/ca\/denia-lalfas-del-pi-riba-roja-de-turia-ontinyent-vila-real-i-onda-presenten-les-seues-missions-dinnovacio-en-las-naves\/#article\",\"isPartOf\":{\"@id\":\"https:\/\/missionsvalencia.eu\/municipisinnovadors\/ca\/denia-lalfas-del-pi-riba-roja-de-turia-ontinyent-vila-real-i-onda-presenten-les-seues-missions-dinnovacio-en-las-naves\/\"},\"author\":{\"name\":\"Comunicacio Municipis\",\"@id\":\"https:\/\/missionsvalencia.eu\/municipisinnovadors\/#\/schema\/person\/db10d3ff1e50d35203dc6ac274ba9fa8\"},\"headline\":\"D\u00e9nia, L\u2019Alf\u00e0s del Pi, Riba-roja de T\u00faria, Ontinyent, Vila-real i Onda presenten les seues missions d\u2019innovaci\u00f3 en Las Naves\",\"datePublished\":\"2022-10-25T15:09:03+00:00\",\"dateModified\":\"2022-10-25T15:15:00+00:00\",\"mainEntityOfPage\":{\"@id\":\"https:\/\/missionsvalencia.eu\/municipisinnovadors\/ca\/denia-lalfas-del-pi-riba-roja-de-turia-ontinyent-vila-real-i-onda-presenten-les-seues-missions-dinnovacio-en-las-naves\/\"},\"wordCount\":898,\"commentCount\":0,\"publisher\":{\"@id\":\"https:\/\/missionsvalencia.eu\/municipisinnovadors\/#organization\"},\"articleSection\":[\"Sense categoria\"],\"inLanguage\":\"val\",\"potentialAction\":[{\"@type\":\"CommentAction\",\"name\":\"Comment\",\"target\":[\"https:\/\/missionsvalencia.eu\/municipisinnovadors\/ca\/denia-lalfas-del-pi-riba-roja-de-turia-ontinyent-vila-real-i-onda-presenten-les-seues-missions-dinnovacio-en-las-naves\/#respond\"]}]},{\"@type\":\"WebPage\",\"@id\":\"https:\/\/missionsvalencia.eu\/municipisinnovadors\/ca\/denia-lalfas-del-pi-riba-roja-de-turia-ontinyent-vila-real-i-onda-presenten-les-seues-missions-dinnovacio-en-las-naves\/\",\"url\":\"https:\/\/missionsvalencia.eu\/municipisinnovadors\/ca\/denia-lalfas-del-pi-riba-roja-de-turia-ontinyent-vila-real-i-onda-presenten-les-seues-missions-dinnovacio-en-las-naves\/\",\"name\":\"D\u00e9nia, L\u2019Alf\u00e0s del Pi, Riba-roja de T\u00faria, Ontinyent, Vila-real i Onda presenten les seues missions d\u2019innovaci\u00f3 en Las Naves - Missions per a municipis\",\"isPartOf\":{\"@id\":\"https:\/\/missionsvalencia.eu\/municipisinnovadors\/#website\"},\"datePublished\":\"2022-10-25T15:09:03+00:00\",\"dateModified\":\"2022-10-25T15:15:00+00:00\",\"breadcrumb\":{\"@id\":\"https:\/\/missionsvalencia.eu\/municipisinnovadors\/ca\/denia-lalfas-del-pi-riba-roja-de-turia-ontinyent-vila-real-i-onda-presenten-les-seues-missions-dinnovacio-en-las-naves\/#breadcrumb\"},\"inLanguage\":\"val\",\"potentialAction\":[{\"@type\":\"ReadAction\",\"target\":[\"https:\/\/missionsvalencia.eu\/municipisinnovadors\/ca\/denia-lalfas-del-pi-riba-roja-de-turia-ontinyent-vila-real-i-onda-presenten-les-seues-missions-dinnovacio-en-las-naves\/\"]}]},{\"@type\":\"BreadcrumbList\",\"@id\":\"https:\/\/missionsvalencia.eu\/municipisinnovadors\/ca\/denia-lalfas-del-pi-riba-roja-de-turia-ontinyent-vila-real-i-onda-presenten-les-seues-missions-dinnovacio-en-las-naves\/#breadcrumb\",\"itemListElement\":[{\"@type\":\"ListItem\",\"position\":1,\"name\":\"Portada\",\"item\":\"https:\/\/missionsvalencia.eu\/municipisinnovadors\/ca\/\"},{\"@type\":\"ListItem\",\"position\":2,\"name\":\"D\u00e9nia, L\u2019Alf\u00e0s del Pi, Riba-roja de T\u00faria, Ontinyent, Vila-real i Onda presenten les seues missions d\u2019innovaci\u00f3 en Las Naves\"}]},{\"@type\":\"WebSite\",\"@id\":\"https:\/\/missionsvalencia.eu\/municipisinnovadors\/#website\",\"url\":\"https:\/\/missionsvalencia.eu\/municipisinnovadors\/\",\"name\":\"Missions per a municipis\",\"description\":\"Programa de innovaci\u00f3n para municipios orientados a Missions\",\"publisher\":{\"@id\":\"https:\/\/missionsvalencia.eu\/municipisinnovadors\/#organization\"},\"potentialAction\":[{\"@type\":\"SearchAction\",\"target\":{\"@type\":\"EntryPoint\",\"urlTemplate\":\"https:\/\/missionsvalencia.eu\/municipisinnovadors\/?s={search_term_string}\"},\"query-input\":\"required name=search_term_string\"}],\"inLanguage\":\"val\"},{\"@type\":\"Organization\",\"@id\":\"https:\/\/missionsvalencia.eu\/municipisinnovadors\/#organization\",\"name\":\"Missions per a municipis\",\"url\":\"https:\/\/missionsvalencia.eu\/municipisinnovadors\/\",\"logo\":{\"@type\":\"ImageObject\",\"inLanguage\":\"val\",\"@id\":\"https:\/\/missionsvalencia.eu\/municipisinnovadors\/#\/schema\/logo\/image\/\",\"url\":\"https:\/\/missionsvalencia.eu\/municipisinnovadors\/wp-content\/uploads\/2021\/07\/LogoPrincipalBlanco.png\",\"contentUrl\":\"https:\/\/missionsvalencia.eu\/municipisinnovadors\/wp-content\/uploads\/2021\/07\/LogoPrincipalBlanco.png\",\"width\":1113,\"height\":218,\"caption\":\"Missions per a municipis\"},\"image\":{\"@id\":\"https:\/\/missionsvalencia.eu\/municipisinnovadors\/#\/schema\/logo\/image\/\"},\"sameAs\":[\"https:\/\/www.instagram.com\/LASNAVES\/\",\"https:\/\/www.youtube.com\/channel\/UC71-dfd6_DBnNjmy544hb1Q\",\"https:\/\/www.flickr.com\/photos\/inndeavalencia\/\",\"https:\/\/www.facebook.com\/LasNavesINN\",\"https:\/\/twitter.com\/LasNavesINN\"]},{\"@type\":\"Person\",\"@id\":\"https:\/\/missionsvalencia.eu\/municipisinnovadors\/#\/schema\/person\/db10d3ff1e50d35203dc6ac274ba9fa8\",\"name\":\"Comunicacio Municipis\",\"image\":{\"@type\":\"ImageObject\",\"inLanguage\":\"val\",\"@id\":\"https:\/\/missionsvalencia.eu\/municipisinnovadors\/#\/schema\/person\/image\/\",\"url\":\"https:\/\/secure.gravatar.com\/avatar\/b54a83ceaecdbf63e8b96c3d37a040e1e177bdf04a4413835e52dafa24e8128b?s=96&d=mm&r=g\",\"contentUrl\":\"https:\/\/secure.gravatar.com\/avatar\/b54a83ceaecdbf63e8b96c3d37a040e1e177bdf04a4413835e52dafa24e8128b?s=96&d=mm&r=g\",\"caption\":\"Comunicacio Municipis\"},\"url\":\"https:\/\/missionsvalencia.eu\/municipisinnovadors\/ca\/author\/comunicacio-municipis\/\"}]}<\/script>\n<!-- \/ Yoast SEO plugin. -->","yoast_head_json":{"title":"D\u00e9nia, L\u2019Alf\u00e0s del Pi, Riba-roja de T\u00faria, Ontinyent, Vila-real i Onda presenten les seues missions d\u2019innovaci\u00f3 en Las Naves - Missions per a municipis","robots":{"index":"index","follow":"follow","max-snippet":"max-snippet:-1","max-image-preview":"max-image-preview:large","max-video-preview":"max-video-preview:-1"},"canonical":"https:\/\/missionsvalencia.eu\/municipisinnovadors\/ca\/denia-lalfas-del-pi-riba-roja-de-turia-ontinyent-vila-real-i-onda-presenten-les-seues-missions-dinnovacio-en-las-naves\/","og_locale":"en_US","og_type":"article","og_title":"D\u00e9nia, L\u2019Alf\u00e0s del Pi, Riba-roja de T\u00faria, Ontinyent, Vila-real i Onda presenten les seues missions d\u2019innovaci\u00f3 en Las Naves - Missions per a municipis","og_description":"\/ Gata de Gorgos, Elx, Orpesa, Vinar\u00f2s, Tavernes de la Valldigna i Algemes\u00ed han participat amb les conclusions de les seues estrat\u00e8gies d&#8217;innovaci\u00f3 orientades a Missions. \/ El Programa Municipis Innovadors, organitzat per la Direcci\u00f3 General d\u2019Innovaci\u00f3 de la Conselleria d\u2019Innovaci\u00f3, Universitats, Ci\u00e8ncia i Societat Digital de la Generalitat Valenciana, en col\u00b7laboraci\u00f3 amb el centre &hellip; D\u00e9nia, L\u2019Alf\u00e0s del Pi, Riba-roja de T\u00faria, Ontinyent, Vila-real i Onda presenten les seues missions d\u2019innovaci\u00f3 en Las Naves Read More &raquo;","og_url":"https:\/\/missionsvalencia.eu\/municipisinnovadors\/ca\/denia-lalfas-del-pi-riba-roja-de-turia-ontinyent-vila-real-i-onda-presenten-les-seues-missions-dinnovacio-en-las-naves\/","og_site_name":"Missions per a municipis","article_publisher":"https:\/\/www.facebook.com\/LasNavesINN","article_published_time":"2022-10-25T15:09:03+00:00","article_modified_time":"2022-10-25T15:15:00+00:00","og_image":[{"width":2048,"height":1365,"url":"https:\/\/missionsvalencia.eu\/municipisinnovadors\/wp-content\/uploads\/2022\/10\/Photocall-3-2.jpg","type":"image\/jpeg"}],"author":"Comunicacio Municipis","twitter_card":"summary_large_image","twitter_creator":"@LasNavesINN","twitter_site":"@LasNavesINN","twitter_misc":{"Written by":"Comunicacio Municipis","Est. reading time":"4 minutes"},"schema":{"@context":"https:\/\/schema.org","@graph":[{"@type":"Article","@id":"https:\/\/missionsvalencia.eu\/municipisinnovadors\/ca\/denia-lalfas-del-pi-riba-roja-de-turia-ontinyent-vila-real-i-onda-presenten-les-seues-missions-dinnovacio-en-las-naves\/#article","isPartOf":{"@id":"https:\/\/missionsvalencia.eu\/municipisinnovadors\/ca\/denia-lalfas-del-pi-riba-roja-de-turia-ontinyent-vila-real-i-onda-presenten-les-seues-missions-dinnovacio-en-las-naves\/"},"author":{"name":"Comunicacio Municipis","@id":"https:\/\/missionsvalencia.eu\/municipisinnovadors\/#\/schema\/person\/db10d3ff1e50d35203dc6ac274ba9fa8"},"headline":"D\u00e9nia, L\u2019Alf\u00e0s del Pi, Riba-roja de T\u00faria, Ontinyent, Vila-real i Onda presenten les seues missions d\u2019innovaci\u00f3 en Las Naves","datePublished":"2022-10-25T15:09:03+00:00","dateModified":"2022-10-25T15:15:00+00:00","mainEntityOfPage":{"@id":"https:\/\/missionsvalencia.eu\/municipisinnovadors\/ca\/denia-lalfas-del-pi-riba-roja-de-turia-ontinyent-vila-real-i-onda-presenten-les-seues-missions-dinnovacio-en-las-naves\/"},"wordCount":898,"commentCount":0,"publisher":{"@id":"https:\/\/missionsvalencia.eu\/municipisinnovadors\/#organization"},"articleSection":["Sense categoria"],"inLanguage":"val","potentialAction":[{"@type":"CommentAction","name":"Comment","target":["https:\/\/missionsvalencia.eu\/municipisinnovadors\/ca\/denia-lalfas-del-pi-riba-roja-de-turia-ontinyent-vila-real-i-onda-presenten-les-seues-missions-dinnovacio-en-las-naves\/#respond"]}]},{"@type":"WebPage","@id":"https:\/\/missionsvalencia.eu\/municipisinnovadors\/ca\/denia-lalfas-del-pi-riba-roja-de-turia-ontinyent-vila-real-i-onda-presenten-les-seues-missions-dinnovacio-en-las-naves\/","url":"https:\/\/missionsvalencia.eu\/municipisinnovadors\/ca\/denia-lalfas-del-pi-riba-roja-de-turia-ontinyent-vila-real-i-onda-presenten-les-seues-missions-dinnovacio-en-las-naves\/","name":"D\u00e9nia, L\u2019Alf\u00e0s del Pi, Riba-roja de T\u00faria, Ontinyent, Vila-real i Onda presenten les seues missions d\u2019innovaci\u00f3 en Las Naves - Missions per a municipis","isPartOf":{"@id":"https:\/\/missionsvalencia.eu\/municipisinnovadors\/#website"},"datePublished":"2022-10-25T15:09:03+00:00","dateModified":"2022-10-25T15:15:00+00:00","breadcrumb":{"@id":"https:\/\/missionsvalencia.eu\/municipisinnovadors\/ca\/denia-lalfas-del-pi-riba-roja-de-turia-ontinyent-vila-real-i-onda-presenten-les-seues-missions-dinnovacio-en-las-naves\/#breadcrumb"},"inLanguage":"val","potentialAction":[{"@type":"ReadAction","target":["https:\/\/missionsvalencia.eu\/municipisinnovadors\/ca\/denia-lalfas-del-pi-riba-roja-de-turia-ontinyent-vila-real-i-onda-presenten-les-seues-missions-dinnovacio-en-las-naves\/"]}]},{"@type":"BreadcrumbList","@id":"https:\/\/missionsvalencia.eu\/municipisinnovadors\/ca\/denia-lalfas-del-pi-riba-roja-de-turia-ontinyent-vila-real-i-onda-presenten-les-seues-missions-dinnovacio-en-las-naves\/#breadcrumb","itemListElement":[{"@type":"ListItem","position":1,"name":"Portada","item":"https:\/\/missionsvalencia.eu\/municipisinnovadors\/ca\/"},{"@type":"ListItem","position":2,"name":"D\u00e9nia, L\u2019Alf\u00e0s del Pi, Riba-roja de T\u00faria, Ontinyent, Vila-real i Onda presenten les seues missions d\u2019innovaci\u00f3 en Las Naves"}]},{"@type":"WebSite","@id":"https:\/\/missionsvalencia.eu\/municipisinnovadors\/#website","url":"https:\/\/missionsvalencia.eu\/municipisinnovadors\/","name":"Missions per a municipis","description":"Programa de innovaci\u00f3n para municipios orientados a Missions","publisher":{"@id":"https:\/\/missionsvalencia.eu\/municipisinnovadors\/#organization"},"potentialAction":[{"@type":"SearchAction","target":{"@type":"EntryPoint","urlTemplate":"https:\/\/missionsvalencia.eu\/municipisinnovadors\/?s={search_term_string}"},"query-input":"required name=search_term_string"}],"inLanguage":"val"},{"@type":"Organization","@id":"https:\/\/missionsvalencia.eu\/municipisinnovadors\/#organization","name":"Missions per a municipis","url":"https:\/\/missionsvalencia.eu\/municipisinnovadors\/","logo":{"@type":"ImageObject","inLanguage":"val","@id":"https:\/\/missionsvalencia.eu\/municipisinnovadors\/#\/schema\/logo\/image\/","url":"https:\/\/missionsvalencia.eu\/municipisinnovadors\/wp-content\/uploads\/2021\/07\/LogoPrincipalBlanco.png","contentUrl":"https:\/\/missionsvalencia.eu\/municipisinnovadors\/wp-content\/uploads\/2021\/07\/LogoPrincipalBlanco.png","width":1113,"height":218,"caption":"Missions per a municipis"},"image":{"@id":"https:\/\/missionsvalencia.eu\/municipisinnovadors\/#\/schema\/logo\/image\/"},"sameAs":["https:\/\/www.instagram.com\/LASNAVES\/","https:\/\/www.youtube.com\/channel\/UC71-dfd6_DBnNjmy544hb1Q","https:\/\/www.flickr.com\/photos\/inndeavalencia\/","https:\/\/www.facebook.com\/LasNavesINN","https:\/\/twitter.com\/LasNavesINN"]},{"@type":"Person","@id":"https:\/\/missionsvalencia.eu\/municipisinnovadors\/#\/schema\/person\/db10d3ff1e50d35203dc6ac274ba9fa8","name":"Comunicacio Municipis","image":{"@type":"ImageObject","inLanguage":"val","@id":"https:\/\/missionsvalencia.eu\/municipisinnovadors\/#\/schema\/person\/image\/","url":"https:\/\/secure.gravatar.com\/avatar\/b54a83ceaecdbf63e8b96c3d37a040e1e177bdf04a4413835e52dafa24e8128b?s=96&d=mm&r=g","contentUrl":"https:\/\/secure.gravatar.com\/avatar\/b54a83ceaecdbf63e8b96c3d37a040e1e177bdf04a4413835e52dafa24e8128b?s=96&d=mm&r=g","caption":"Comunicacio Municipis"},"url":"https:\/\/missionsvalencia.eu\/municipisinnovadors\/ca\/author\/comunicacio-municipis\/"}]}},"_links":{"self":[{"href":"https:\/\/missionsvalencia.eu\/municipisinnovadors\/ca\/wp-json\/wp\/v2\/posts\/2033","targetHints":{"allow":["GET"]}}],"collection":[{"href":"https:\/\/missionsvalencia.eu\/municipisinnovadors\/ca\/wp-json\/wp\/v2\/posts"}],"about":[{"href":"https:\/\/missionsvalencia.eu\/municipisinnovadors\/ca\/wp-json\/wp\/v2\/types\/post"}],"author":[{"embeddable":true,"href":"https:\/\/missionsvalencia.eu\/municipisinnovadors\/ca\/wp-json\/wp\/v2\/users\/6"}],"replies":[{"embeddable":true,"href":"https:\/\/missionsvalencia.eu\/municipisinnovadors\/ca\/wp-json\/wp\/v2\/comments?post=2033"}],"version-history":[{"count":3,"href":"https:\/\/missionsvalencia.eu\/municipisinnovadors\/ca\/wp-json\/wp\/v2\/posts\/2033\/revisions"}],"predecessor-version":[{"id":2037,"href":"https:\/\/missionsvalencia.eu\/municipisinnovadors\/ca\/wp-json\/wp\/v2\/posts\/2033\/revisions\/2037"}],"wp:featuredmedia":[{"embeddable":true,"href":"https:\/\/missionsvalencia.eu\/municipisinnovadors\/ca\/wp-json\/wp\/v2\/media\/2030"}],"wp:attachment":[{"href":"https:\/\/missionsvalencia.eu\/municipisinnovadors\/ca\/wp-json\/wp\/v2\/media?parent=2033"}],"wp:term":[{"taxonomy":"category","embeddable":true,"href":"https:\/\/missionsvalencia.eu\/municipisinnovadors\/ca\/wp-json\/wp\/v2\/categories?post=2033"},{"taxonomy":"post_tag","embeddable":true,"href":"https:\/\/missionsvalencia.eu\/municipisinnovadors\/ca\/wp-json\/wp\/v2\/tags?post=2033"}],"curies":[{"name":"wp","href":"https:\/\/api.w.org\/{rel}","templated":true}]}}