{"id":1791,"date":"2022-09-22T19:57:20","date_gmt":"2022-09-22T17:57:20","guid":{"rendered":"https:\/\/missionsvalencia.eu\/municipisinnovadors\/?p=1791"},"modified":"2022-09-22T19:58:46","modified_gmt":"2022-09-22T17:58:46","slug":"las-naves-acoge-una-jornada-sobre-municipios-innovadores-y-sus-misiones-para-una-transicion-digital-verde-y-social","status":"publish","type":"post","link":"https:\/\/missionsvalencia.eu\/municipisinnovadors\/las-naves-acoge-una-jornada-sobre-municipios-innovadores-y-sus-misiones-para-una-transicion-digital-verde-y-social\/","title":{"rendered":"Las Naves acoge una Jornada sobre Municipios Innovadores y sus misiones para una transici\u00f3n digital, verde y social."},"content":{"rendered":"<p><strong>El Programa Municipios Innovadores, organizado por la Direcci\u00f3n General de Innovaci\u00f3n de la Conselleria de Innovaci\u00f3n, Universidades, Ciencia y Sociedad Digital de la Generalitat Valenciana, en colaboraci\u00f3n con el Centro de Innovaci\u00f3n Las Naves, ha celebrado un encuentro para desarrollar una estrategia municipal de innovaci\u00f3n orientada a misiones para una transici\u00f3n digital, verde y social.<\/strong><\/p>\n<p>El acto impulsado por Las Naves y la Conselleria de Innovaci\u00f3n ha contado con la apertura institucional del concejal de Innovaci\u00f3n y Gesti\u00f3n del Conocimiento del Ayuntamiento de Val\u00e8ncia, Carlos Galiana que ha manifestado: \u201cla transformaci\u00f3n social, econ\u00f3mica y medioambiental es un viaje colectivo y es una necesidad afrontar los problemas comunes que tenemos todos y todas. Este acto es necesario para compartir nuestra experiencia con los municipios de Castell\u00f3n, Val\u00e8ncia y Alicante para que trabajen orientados en conseguir una determinada misi\u00f3n compartida con los actores locales y con el resto de localidades\u201d.<\/p>\n<p>Durante la jornada el divulgador cient\u00edfico Manuel Toharia nos ha ofrecido su particular mirada con una ponencia inspiradora sobre la visi\u00f3n de la innovaci\u00f3n en los municipios frente a los grandes retos territoriales.<\/p>\n<p>Por otra parte, el evento ha contado con una mesa redonda para abordar estrategias que permitan a los municipios afrontar la crisis energ\u00e9tica. En ella han participado Carlos Mataix, director del Centro de Innovaci\u00f3n en Tecnolog\u00eda para el Desarrollo Humano de la Universidad Polit\u00e9cnica de Madrid; Beatriz Novales, directora de Programas de Oxfam; y Rafael Gim\u00e9nez, alcalde de Aras de los Olmos.<\/p>\n<p>La clausura del acto ha corrido a cargo de la directora general de Innovaci\u00f3n de la Generalitat Valenciana, Sonia Tirado que ha declarado: \u201clos proyectos los hacemos las personas. Tenemos la responsabilidad de asegurar el derecho de las personas a recibir informaci\u00f3n y hacer posibles estas alianzas y que todo el conocimiento que generamos se pueda compartir entre los municipios\u201d.<\/p>\n<p>Las Naves y Radio Valencia Cadena SER han organizado esta nueva edici\u00f3n de Encuentros SER en la que se ha abordado la forma en la que los municipios pueden innovar para ser m\u00e1s digitales, verdes y sociales.<\/p>\n<p>El director de contenidos de Radio Valencia, Juli\u00e1n Gim\u00e9nez ha sido el encargado de conducir la jornada y el evento se ha retrasmitido por el canal de Youtube de Las Naves y por la plataforma de Radio Valencia Cadena SER.<\/p>\n<p><strong>Missions Val\u00e8ncia 2030<\/strong><\/p>\n<p>El centro de innovaci\u00f3n Las Naves y la Delegaci\u00f3n de Innovaci\u00f3n y Conocimiento del Ayuntamiento de Val\u00e8ncia son los responsables de Missions Val\u00e8ncia 2030, un modelo de gobernanza de la innovaci\u00f3n basado en misiones que mejoran la vida de las personas. Este modelo de gobernanza a\u00fana a todo el ecosistema de innovaci\u00f3n sin excluir a nadie, porque las misiones de una ciudad, de un pa\u00eds o de toda Europa se consiguen desde la diversidad y con la suma de todas las partes, de todo el talento y de todas las fuentes de conocimiento.<\/p>\n<p>Actualmente Val\u00e8ncia est\u00e1 trabajando en la Misi\u00f3n Clim\u00e1tica Val\u00e8ncia 2030, con el objetivo de convertir a Val\u00e8ncia en una ciudad clim\u00e1ticamente neutra. Adem\u00e1s, la ciudad ya forma parte de las 100 ciudades que la Comisi\u00f3n Europea ha seleccionado dentro de la misi\u00f3n \u00abciudades inteligentes y clim\u00e1ticamente neutras\u00bb y ha sido seleccionada como semifinalista en los iCapital Awards, que reconocen cada a\u00f1o a una ciudad europea como Capital Europea de la Innovaci\u00f3n.<\/p>\n<div id='gallery-1' class='gallery galleryid-1791 gallery-columns-4 gallery-size-medium'><figure class='gallery-item'>\n\t\t\t<div class='gallery-icon landscape'>\n\t\t\t\t<a href='https:\/\/missionsvalencia.eu\/municipisinnovadors\/las-naves-acoge-una-jornada-sobre-municipios-innovadores-y-sus-misiones-para-una-transicion-digital-verde-y-social\/jornada-transicion-digital-verde-y-social-5\/'><img loading=\"lazy\" decoding=\"async\" width=\"300\" height=\"200\" src=\"https:\/\/missionsvalencia.eu\/municipisinnovadors\/wp-content\/uploads\/2022\/09\/Jornada-Transicio\u0301n-Digital-Verde-y-Social-5-300x200.jpeg\" class=\"attachment-medium size-medium\" alt=\"\" srcset=\"https:\/\/missionsvalencia.eu\/municipisinnovadors\/wp-content\/uploads\/2022\/09\/Jornada-Transicio\u0301n-Digital-Verde-y-Social-5-300x200.jpeg 300w, https:\/\/missionsvalencia.eu\/municipisinnovadors\/wp-content\/uploads\/2022\/09\/Jornada-Transicio\u0301n-Digital-Verde-y-Social-5-1024x683.jpeg 1024w, https:\/\/missionsvalencia.eu\/municipisinnovadors\/wp-content\/uploads\/2022\/09\/Jornada-Transicio\u0301n-Digital-Verde-y-Social-5-768x512.jpeg 768w, https:\/\/missionsvalencia.eu\/municipisinnovadors\/wp-content\/uploads\/2022\/09\/Jornada-Transicio\u0301n-Digital-Verde-y-Social-5-1536x1024.jpeg 1536w, https:\/\/missionsvalencia.eu\/municipisinnovadors\/wp-content\/uploads\/2022\/09\/Jornada-Transicio\u0301n-Digital-Verde-y-Social-5.jpeg 1620w\" sizes=\"auto, (max-width: 300px) 100vw, 300px\" \/><\/a>\n\t\t\t<\/div><\/figure><figure class='gallery-item'>\n\t\t\t<div class='gallery-icon landscape'>\n\t\t\t\t<a href='https:\/\/missionsvalencia.eu\/municipisinnovadors\/las-naves-acoge-una-jornada-sobre-municipios-innovadores-y-sus-misiones-para-una-transicion-digital-verde-y-social\/jornada-transicion-digital-verde-y-social-3\/'><img loading=\"lazy\" decoding=\"async\" width=\"300\" height=\"200\" src=\"https:\/\/missionsvalencia.eu\/municipisinnovadors\/wp-content\/uploads\/2022\/09\/Jornada-Transicio\u0301n-Digital-Verde-y-Social-3-300x200.jpeg\" class=\"attachment-medium size-medium\" alt=\"\" srcset=\"https:\/\/missionsvalencia.eu\/municipisinnovadors\/wp-content\/uploads\/2022\/09\/Jornada-Transicio\u0301n-Digital-Verde-y-Social-3-300x200.jpeg 300w, https:\/\/missionsvalencia.eu\/municipisinnovadors\/wp-content\/uploads\/2022\/09\/Jornada-Transicio\u0301n-Digital-Verde-y-Social-3-1024x683.jpeg 1024w, https:\/\/missionsvalencia.eu\/municipisinnovadors\/wp-content\/uploads\/2022\/09\/Jornada-Transicio\u0301n-Digital-Verde-y-Social-3-768x512.jpeg 768w, https:\/\/missionsvalencia.eu\/municipisinnovadors\/wp-content\/uploads\/2022\/09\/Jornada-Transicio\u0301n-Digital-Verde-y-Social-3-1536x1024.jpeg 1536w, https:\/\/missionsvalencia.eu\/municipisinnovadors\/wp-content\/uploads\/2022\/09\/Jornada-Transicio\u0301n-Digital-Verde-y-Social-3.jpeg 1599w\" sizes=\"auto, (max-width: 300px) 100vw, 300px\" \/><\/a>\n\t\t\t<\/div><\/figure><figure class='gallery-item'>\n\t\t\t<div class='gallery-icon landscape'>\n\t\t\t\t<a href='https:\/\/missionsvalencia.eu\/municipisinnovadors\/las-naves-acoge-una-jornada-sobre-municipios-innovadores-y-sus-misiones-para-una-transicion-digital-verde-y-social\/jornada-transicion-digital-verde-y-social-1\/'><img loading=\"lazy\" decoding=\"async\" width=\"300\" height=\"200\" src=\"https:\/\/missionsvalencia.eu\/municipisinnovadors\/wp-content\/uploads\/2022\/09\/Jornada-Transicio\u0301n-Digital-Verde-y-Social-1-300x200.jpeg\" class=\"attachment-medium size-medium\" alt=\"\" srcset=\"https:\/\/missionsvalencia.eu\/municipisinnovadors\/wp-content\/uploads\/2022\/09\/Jornada-Transicio\u0301n-Digital-Verde-y-Social-1-300x200.jpeg 300w, https:\/\/missionsvalencia.eu\/municipisinnovadors\/wp-content\/uploads\/2022\/09\/Jornada-Transicio\u0301n-Digital-Verde-y-Social-1-1024x683.jpeg 1024w, https:\/\/missionsvalencia.eu\/municipisinnovadors\/wp-content\/uploads\/2022\/09\/Jornada-Transicio\u0301n-Digital-Verde-y-Social-1-768x512.jpeg 768w, https:\/\/missionsvalencia.eu\/municipisinnovadors\/wp-content\/uploads\/2022\/09\/Jornada-Transicio\u0301n-Digital-Verde-y-Social-1-1536x1024.jpeg 1536w, https:\/\/missionsvalencia.eu\/municipisinnovadors\/wp-content\/uploads\/2022\/09\/Jornada-Transicio\u0301n-Digital-Verde-y-Social-1.jpeg 1599w\" sizes=\"auto, (max-width: 300px) 100vw, 300px\" \/><\/a>\n\t\t\t<\/div><\/figure><figure class='gallery-item'>\n\t\t\t<div class='gallery-icon landscape'>\n\t\t\t\t<a href='https:\/\/missionsvalencia.eu\/municipisinnovadors\/las-naves-acoge-una-jornada-sobre-municipios-innovadores-y-sus-misiones-para-una-transicion-digital-verde-y-social\/jornada-transicion-digital-verde-y-social-6-1\/'><img loading=\"lazy\" decoding=\"async\" width=\"300\" height=\"200\" src=\"https:\/\/missionsvalencia.eu\/municipisinnovadors\/wp-content\/uploads\/2022\/09\/Jornada-Transicio\u0301n-Digital-Verde-y-Social-6-1-300x200.jpeg\" class=\"attachment-medium size-medium\" alt=\"\" srcset=\"https:\/\/missionsvalencia.eu\/municipisinnovadors\/wp-content\/uploads\/2022\/09\/Jornada-Transicio\u0301n-Digital-Verde-y-Social-6-1-300x200.jpeg 300w, https:\/\/missionsvalencia.eu\/municipisinnovadors\/wp-content\/uploads\/2022\/09\/Jornada-Transicio\u0301n-Digital-Verde-y-Social-6-1-1024x683.jpeg 1024w, https:\/\/missionsvalencia.eu\/municipisinnovadors\/wp-content\/uploads\/2022\/09\/Jornada-Transicio\u0301n-Digital-Verde-y-Social-6-1-768x512.jpeg 768w, https:\/\/missionsvalencia.eu\/municipisinnovadors\/wp-content\/uploads\/2022\/09\/Jornada-Transicio\u0301n-Digital-Verde-y-Social-6-1-1536x1024.jpeg 1536w, https:\/\/missionsvalencia.eu\/municipisinnovadors\/wp-content\/uploads\/2022\/09\/Jornada-Transicio\u0301n-Digital-Verde-y-Social-6-1.jpeg 1599w\" sizes=\"auto, (max-width: 300px) 100vw, 300px\" \/><\/a>\n\t\t\t<\/div><\/figure>\n\t\t<\/div>\n\n","protected":false},"excerpt":{"rendered":"<p>El Programa Municipios Innovadores, organizado por la Direcci\u00f3n General de Innovaci\u00f3n de la Conselleria de Innovaci\u00f3n, Universidades, Ciencia y Sociedad Digital de la Generalitat Valenciana, en colaboraci\u00f3n con el Centro de Innovaci\u00f3n Las Naves, ha celebrado un encuentro para desarrollar una estrategia municipal de innovaci\u00f3n orientada a misiones para una transici\u00f3n digital, verde y social. &hellip;<\/p>\n<p class=\"read-more\"> <a class=\"\" href=\"https:\/\/missionsvalencia.eu\/municipisinnovadors\/las-naves-acoge-una-jornada-sobre-municipios-innovadores-y-sus-misiones-para-una-transicion-digital-verde-y-social\/\"> <span class=\"screen-reader-text\">Las Naves acoge una Jornada sobre Municipios Innovadores y sus misiones para una transici\u00f3n digital, verde y social.<\/span> Leer m\u00e1s &raquo;<\/a><\/p>\n","protected":false},"author":6,"featured_media":1802,"comment_status":"open","ping_status":"closed","sticky":false,"template":"","format":"standard","meta":{"site-sidebar-layout":"default","site-content-layout":"default","ast-global-header-display":"","ast-main-header-display":"","ast-hfb-above-header-display":"","ast-hfb-below-header-display":"","ast-hfb-mobile-header-display":"","site-post-title":"","ast-breadcrumbs-content":"","ast-featured-img":"","footer-sml-layout":"","theme-transparent-header-meta":"default","adv-header-id-meta":"","stick-header-meta":"default","header-above-stick-meta":"","header-main-stick-meta":"","header-below-stick-meta":"","footnotes":""},"categories":[1],"tags":[],"class_list":["post-1791","post","type-post","status-publish","format-standard","has-post-thumbnail","hentry","category-sin-categorizar"],"yoast_head":"<!-- This site is optimized with the Yoast SEO plugin v20.0 - https:\/\/yoast.com\/wordpress\/plugins\/seo\/ -->\n<title>Las Naves acoge una Jornada sobre Municipios Innovadores y sus misiones para una transici\u00f3n digital, verde y social. - Missions per a municipis<\/title>\n<meta name=\"robots\" content=\"index, follow, max-snippet:-1, max-image-preview:large, max-video-preview:-1\" \/>\n<link rel=\"canonical\" href=\"https:\/\/missionsvalencia.eu\/municipisinnovadors\/las-naves-acoge-una-jornada-sobre-municipios-innovadores-y-sus-misiones-para-una-transicion-digital-verde-y-social\/\" \/>\n<meta property=\"og:locale\" content=\"es_ES\" \/>\n<meta property=\"og:type\" content=\"article\" \/>\n<meta property=\"og:title\" content=\"Las Naves acoge una Jornada sobre Municipios Innovadores y sus misiones para una transici\u00f3n digital, verde y social. - Missions per a municipis\" \/>\n<meta property=\"og:description\" content=\"El Programa Municipios Innovadores, organizado por la Direcci\u00f3n General de Innovaci\u00f3n de la Conselleria de Innovaci\u00f3n, Universidades, Ciencia y Sociedad Digital de la Generalitat Valenciana, en colaboraci\u00f3n con el Centro de Innovaci\u00f3n Las Naves, ha celebrado un encuentro para desarrollar una estrategia municipal de innovaci\u00f3n orientada a misiones para una transici\u00f3n digital, verde y social. &hellip; Las Naves acoge una Jornada sobre Municipios Innovadores y sus misiones para una transici\u00f3n digital, verde y social. Leer m\u00e1s &raquo;\" \/>\n<meta property=\"og:url\" content=\"https:\/\/missionsvalencia.eu\/municipisinnovadors\/las-naves-acoge-una-jornada-sobre-municipios-innovadores-y-sus-misiones-para-una-transicion-digital-verde-y-social\/\" \/>\n<meta property=\"og:site_name\" content=\"Missions per a municipis\" \/>\n<meta property=\"article:publisher\" content=\"https:\/\/www.facebook.com\/LasNavesINN\" \/>\n<meta property=\"article:published_time\" content=\"2022-09-22T17:57:20+00:00\" \/>\n<meta property=\"article:modified_time\" content=\"2022-09-22T17:58:46+00:00\" \/>\n<meta property=\"og:image\" content=\"https:\/\/missionsvalencia.eu\/municipisinnovadors\/wp-content\/uploads\/2022\/09\/Jornada-Transicio\u0301n-Digital-Verde-y-Social-6-1.jpeg\" \/>\n\t<meta property=\"og:image:width\" content=\"1599\" \/>\n\t<meta property=\"og:image:height\" content=\"1066\" \/>\n\t<meta property=\"og:image:type\" content=\"image\/jpeg\" \/>\n<meta name=\"author\" content=\"Comunicacio Municipis\" \/>\n<meta name=\"twitter:card\" content=\"summary_large_image\" \/>\n<meta name=\"twitter:creator\" content=\"@LasNavesINN\" \/>\n<meta name=\"twitter:site\" content=\"@LasNavesINN\" \/>\n<meta name=\"twitter:label1\" content=\"Escrito por\" \/>\n\t<meta name=\"twitter:data1\" content=\"Comunicacio Municipis\" \/>\n\t<meta name=\"twitter:label2\" content=\"Tiempo de lectura\" \/>\n\t<meta name=\"twitter:data2\" content=\"3 minutos\" \/>\n<script type=\"application\/ld+json\" class=\"yoast-schema-graph\">{\"@context\":\"https:\/\/schema.org\",\"@graph\":[{\"@type\":\"Article\",\"@id\":\"https:\/\/missionsvalencia.eu\/municipisinnovadors\/las-naves-acoge-una-jornada-sobre-municipios-innovadores-y-sus-misiones-para-una-transicion-digital-verde-y-social\/#article\",\"isPartOf\":{\"@id\":\"https:\/\/missionsvalencia.eu\/municipisinnovadors\/las-naves-acoge-una-jornada-sobre-municipios-innovadores-y-sus-misiones-para-una-transicion-digital-verde-y-social\/\"},\"author\":{\"name\":\"Comunicacio Municipis\",\"@id\":\"https:\/\/missionsvalencia.eu\/municipisinnovadors\/#\/schema\/person\/db10d3ff1e50d35203dc6ac274ba9fa8\"},\"headline\":\"Las Naves acoge una Jornada sobre Municipios Innovadores y sus misiones para una transici\u00f3n digital, verde y social.\",\"datePublished\":\"2022-09-22T17:57:20+00:00\",\"dateModified\":\"2022-09-22T17:58:46+00:00\",\"mainEntityOfPage\":{\"@id\":\"https:\/\/missionsvalencia.eu\/municipisinnovadors\/las-naves-acoge-una-jornada-sobre-municipios-innovadores-y-sus-misiones-para-una-transicion-digital-verde-y-social\/\"},\"wordCount\":619,\"commentCount\":0,\"publisher\":{\"@id\":\"https:\/\/missionsvalencia.eu\/municipisinnovadors\/#organization\"},\"articleSection\":[\"Sin categorizar\"],\"inLanguage\":\"es\",\"potentialAction\":[{\"@type\":\"CommentAction\",\"name\":\"Comment\",\"target\":[\"https:\/\/missionsvalencia.eu\/municipisinnovadors\/las-naves-acoge-una-jornada-sobre-municipios-innovadores-y-sus-misiones-para-una-transicion-digital-verde-y-social\/#respond\"]}]},{\"@type\":\"WebPage\",\"@id\":\"https:\/\/missionsvalencia.eu\/municipisinnovadors\/las-naves-acoge-una-jornada-sobre-municipios-innovadores-y-sus-misiones-para-una-transicion-digital-verde-y-social\/\",\"url\":\"https:\/\/missionsvalencia.eu\/municipisinnovadors\/las-naves-acoge-una-jornada-sobre-municipios-innovadores-y-sus-misiones-para-una-transicion-digital-verde-y-social\/\",\"name\":\"Las Naves acoge una Jornada sobre Municipios Innovadores y sus misiones para una transici\u00f3n digital, verde y social. - Missions per a municipis\",\"isPartOf\":{\"@id\":\"https:\/\/missionsvalencia.eu\/municipisinnovadors\/#website\"},\"datePublished\":\"2022-09-22T17:57:20+00:00\",\"dateModified\":\"2022-09-22T17:58:46+00:00\",\"breadcrumb\":{\"@id\":\"https:\/\/missionsvalencia.eu\/municipisinnovadors\/las-naves-acoge-una-jornada-sobre-municipios-innovadores-y-sus-misiones-para-una-transicion-digital-verde-y-social\/#breadcrumb\"},\"inLanguage\":\"es\",\"potentialAction\":[{\"@type\":\"ReadAction\",\"target\":[\"https:\/\/missionsvalencia.eu\/municipisinnovadors\/las-naves-acoge-una-jornada-sobre-municipios-innovadores-y-sus-misiones-para-una-transicion-digital-verde-y-social\/\"]}]},{\"@type\":\"BreadcrumbList\",\"@id\":\"https:\/\/missionsvalencia.eu\/municipisinnovadors\/las-naves-acoge-una-jornada-sobre-municipios-innovadores-y-sus-misiones-para-una-transicion-digital-verde-y-social\/#breadcrumb\",\"itemListElement\":[{\"@type\":\"ListItem\",\"position\":1,\"name\":\"Portada\",\"item\":\"https:\/\/missionsvalencia.eu\/municipisinnovadors\/\"},{\"@type\":\"ListItem\",\"position\":2,\"name\":\"Las Naves acoge una Jornada sobre Municipios Innovadores y sus misiones para una transici\u00f3n digital, verde y social.\"}]},{\"@type\":\"WebSite\",\"@id\":\"https:\/\/missionsvalencia.eu\/municipisinnovadors\/#website\",\"url\":\"https:\/\/missionsvalencia.eu\/municipisinnovadors\/\",\"name\":\"Missions per a municipis\",\"description\":\"Programa de innovaci\u00f3n para municipios orientados a Missions\",\"publisher\":{\"@id\":\"https:\/\/missionsvalencia.eu\/municipisinnovadors\/#organization\"},\"potentialAction\":[{\"@type\":\"SearchAction\",\"target\":{\"@type\":\"EntryPoint\",\"urlTemplate\":\"https:\/\/missionsvalencia.eu\/municipisinnovadors\/?s={search_term_string}\"},\"query-input\":\"required name=search_term_string\"}],\"inLanguage\":\"es\"},{\"@type\":\"Organization\",\"@id\":\"https:\/\/missionsvalencia.eu\/municipisinnovadors\/#organization\",\"name\":\"Missions per a municipis\",\"url\":\"https:\/\/missionsvalencia.eu\/municipisinnovadors\/\",\"logo\":{\"@type\":\"ImageObject\",\"inLanguage\":\"es\",\"@id\":\"https:\/\/missionsvalencia.eu\/municipisinnovadors\/#\/schema\/logo\/image\/\",\"url\":\"https:\/\/missionsvalencia.eu\/municipisinnovadors\/wp-content\/uploads\/2021\/07\/LogoPrincipalBlanco.png\",\"contentUrl\":\"https:\/\/missionsvalencia.eu\/municipisinnovadors\/wp-content\/uploads\/2021\/07\/LogoPrincipalBlanco.png\",\"width\":1113,\"height\":218,\"caption\":\"Missions per a municipis\"},\"image\":{\"@id\":\"https:\/\/missionsvalencia.eu\/municipisinnovadors\/#\/schema\/logo\/image\/\"},\"sameAs\":[\"https:\/\/www.instagram.com\/LASNAVES\/\",\"https:\/\/www.youtube.com\/channel\/UC71-dfd6_DBnNjmy544hb1Q\",\"https:\/\/www.flickr.com\/photos\/inndeavalencia\/\",\"https:\/\/www.facebook.com\/LasNavesINN\",\"https:\/\/twitter.com\/LasNavesINN\"]},{\"@type\":\"Person\",\"@id\":\"https:\/\/missionsvalencia.eu\/municipisinnovadors\/#\/schema\/person\/db10d3ff1e50d35203dc6ac274ba9fa8\",\"name\":\"Comunicacio Municipis\",\"image\":{\"@type\":\"ImageObject\",\"inLanguage\":\"es\",\"@id\":\"https:\/\/missionsvalencia.eu\/municipisinnovadors\/#\/schema\/person\/image\/\",\"url\":\"https:\/\/secure.gravatar.com\/avatar\/b54a83ceaecdbf63e8b96c3d37a040e1e177bdf04a4413835e52dafa24e8128b?s=96&d=mm&r=g\",\"contentUrl\":\"https:\/\/secure.gravatar.com\/avatar\/b54a83ceaecdbf63e8b96c3d37a040e1e177bdf04a4413835e52dafa24e8128b?s=96&d=mm&r=g\",\"caption\":\"Comunicacio Municipis\"},\"url\":\"https:\/\/missionsvalencia.eu\/municipisinnovadors\/author\/comunicacio-municipis\/\"}]}<\/script>\n<!-- \/ Yoast SEO plugin. -->","yoast_head_json":{"title":"Las Naves acoge una Jornada sobre Municipios Innovadores y sus misiones para una transici\u00f3n digital, verde y social. - Missions per a municipis","robots":{"index":"index","follow":"follow","max-snippet":"max-snippet:-1","max-image-preview":"max-image-preview:large","max-video-preview":"max-video-preview:-1"},"canonical":"https:\/\/missionsvalencia.eu\/municipisinnovadors\/las-naves-acoge-una-jornada-sobre-municipios-innovadores-y-sus-misiones-para-una-transicion-digital-verde-y-social\/","og_locale":"es_ES","og_type":"article","og_title":"Las Naves acoge una Jornada sobre Municipios Innovadores y sus misiones para una transici\u00f3n digital, verde y social. - Missions per a municipis","og_description":"El Programa Municipios Innovadores, organizado por la Direcci\u00f3n General de Innovaci\u00f3n de la Conselleria de Innovaci\u00f3n, Universidades, Ciencia y Sociedad Digital de la Generalitat Valenciana, en colaboraci\u00f3n con el Centro de Innovaci\u00f3n Las Naves, ha celebrado un encuentro para desarrollar una estrategia municipal de innovaci\u00f3n orientada a misiones para una transici\u00f3n digital, verde y social. &hellip; Las Naves acoge una Jornada sobre Municipios Innovadores y sus misiones para una transici\u00f3n digital, verde y social. Leer m\u00e1s &raquo;","og_url":"https:\/\/missionsvalencia.eu\/municipisinnovadors\/las-naves-acoge-una-jornada-sobre-municipios-innovadores-y-sus-misiones-para-una-transicion-digital-verde-y-social\/","og_site_name":"Missions per a municipis","article_publisher":"https:\/\/www.facebook.com\/LasNavesINN","article_published_time":"2022-09-22T17:57:20+00:00","article_modified_time":"2022-09-22T17:58:46+00:00","og_image":[{"width":1599,"height":1066,"url":"https:\/\/missionsvalencia.eu\/municipisinnovadors\/wp-content\/uploads\/2022\/09\/Jornada-Transicio\u0301n-Digital-Verde-y-Social-6-1.jpeg","type":"image\/jpeg"}],"author":"Comunicacio Municipis","twitter_card":"summary_large_image","twitter_creator":"@LasNavesINN","twitter_site":"@LasNavesINN","twitter_misc":{"Escrito por":"Comunicacio Municipis","Tiempo de lectura":"3 minutos"},"schema":{"@context":"https:\/\/schema.org","@graph":[{"@type":"Article","@id":"https:\/\/missionsvalencia.eu\/municipisinnovadors\/las-naves-acoge-una-jornada-sobre-municipios-innovadores-y-sus-misiones-para-una-transicion-digital-verde-y-social\/#article","isPartOf":{"@id":"https:\/\/missionsvalencia.eu\/municipisinnovadors\/las-naves-acoge-una-jornada-sobre-municipios-innovadores-y-sus-misiones-para-una-transicion-digital-verde-y-social\/"},"author":{"name":"Comunicacio Municipis","@id":"https:\/\/missionsvalencia.eu\/municipisinnovadors\/#\/schema\/person\/db10d3ff1e50d35203dc6ac274ba9fa8"},"headline":"Las Naves acoge una Jornada sobre Municipios Innovadores y sus misiones para una transici\u00f3n digital, verde y social.","datePublished":"2022-09-22T17:57:20+00:00","dateModified":"2022-09-22T17:58:46+00:00","mainEntityOfPage":{"@id":"https:\/\/missionsvalencia.eu\/municipisinnovadors\/las-naves-acoge-una-jornada-sobre-municipios-innovadores-y-sus-misiones-para-una-transicion-digital-verde-y-social\/"},"wordCount":619,"commentCount":0,"publisher":{"@id":"https:\/\/missionsvalencia.eu\/municipisinnovadors\/#organization"},"articleSection":["Sin categorizar"],"inLanguage":"es","potentialAction":[{"@type":"CommentAction","name":"Comment","target":["https:\/\/missionsvalencia.eu\/municipisinnovadors\/las-naves-acoge-una-jornada-sobre-municipios-innovadores-y-sus-misiones-para-una-transicion-digital-verde-y-social\/#respond"]}]},{"@type":"WebPage","@id":"https:\/\/missionsvalencia.eu\/municipisinnovadors\/las-naves-acoge-una-jornada-sobre-municipios-innovadores-y-sus-misiones-para-una-transicion-digital-verde-y-social\/","url":"https:\/\/missionsvalencia.eu\/municipisinnovadors\/las-naves-acoge-una-jornada-sobre-municipios-innovadores-y-sus-misiones-para-una-transicion-digital-verde-y-social\/","name":"Las Naves acoge una Jornada sobre Municipios Innovadores y sus misiones para una transici\u00f3n digital, verde y social. - Missions per a municipis","isPartOf":{"@id":"https:\/\/missionsvalencia.eu\/municipisinnovadors\/#website"},"datePublished":"2022-09-22T17:57:20+00:00","dateModified":"2022-09-22T17:58:46+00:00","breadcrumb":{"@id":"https:\/\/missionsvalencia.eu\/municipisinnovadors\/las-naves-acoge-una-jornada-sobre-municipios-innovadores-y-sus-misiones-para-una-transicion-digital-verde-y-social\/#breadcrumb"},"inLanguage":"es","potentialAction":[{"@type":"ReadAction","target":["https:\/\/missionsvalencia.eu\/municipisinnovadors\/las-naves-acoge-una-jornada-sobre-municipios-innovadores-y-sus-misiones-para-una-transicion-digital-verde-y-social\/"]}]},{"@type":"BreadcrumbList","@id":"https:\/\/missionsvalencia.eu\/municipisinnovadors\/las-naves-acoge-una-jornada-sobre-municipios-innovadores-y-sus-misiones-para-una-transicion-digital-verde-y-social\/#breadcrumb","itemListElement":[{"@type":"ListItem","position":1,"name":"Portada","item":"https:\/\/missionsvalencia.eu\/municipisinnovadors\/"},{"@type":"ListItem","position":2,"name":"Las Naves acoge una Jornada sobre Municipios Innovadores y sus misiones para una transici\u00f3n digital, verde y social."}]},{"@type":"WebSite","@id":"https:\/\/missionsvalencia.eu\/municipisinnovadors\/#website","url":"https:\/\/missionsvalencia.eu\/municipisinnovadors\/","name":"Missions per a municipis","description":"Programa de innovaci\u00f3n para municipios orientados a Missions","publisher":{"@id":"https:\/\/missionsvalencia.eu\/municipisinnovadors\/#organization"},"potentialAction":[{"@type":"SearchAction","target":{"@type":"EntryPoint","urlTemplate":"https:\/\/missionsvalencia.eu\/municipisinnovadors\/?s={search_term_string}"},"query-input":"required name=search_term_string"}],"inLanguage":"es"},{"@type":"Organization","@id":"https:\/\/missionsvalencia.eu\/municipisinnovadors\/#organization","name":"Missions per a municipis","url":"https:\/\/missionsvalencia.eu\/municipisinnovadors\/","logo":{"@type":"ImageObject","inLanguage":"es","@id":"https:\/\/missionsvalencia.eu\/municipisinnovadors\/#\/schema\/logo\/image\/","url":"https:\/\/missionsvalencia.eu\/municipisinnovadors\/wp-content\/uploads\/2021\/07\/LogoPrincipalBlanco.png","contentUrl":"https:\/\/missionsvalencia.eu\/municipisinnovadors\/wp-content\/uploads\/2021\/07\/LogoPrincipalBlanco.png","width":1113,"height":218,"caption":"Missions per a municipis"},"image":{"@id":"https:\/\/missionsvalencia.eu\/municipisinnovadors\/#\/schema\/logo\/image\/"},"sameAs":["https:\/\/www.instagram.com\/LASNAVES\/","https:\/\/www.youtube.com\/channel\/UC71-dfd6_DBnNjmy544hb1Q","https:\/\/www.flickr.com\/photos\/inndeavalencia\/","https:\/\/www.facebook.com\/LasNavesINN","https:\/\/twitter.com\/LasNavesINN"]},{"@type":"Person","@id":"https:\/\/missionsvalencia.eu\/municipisinnovadors\/#\/schema\/person\/db10d3ff1e50d35203dc6ac274ba9fa8","name":"Comunicacio Municipis","image":{"@type":"ImageObject","inLanguage":"es","@id":"https:\/\/missionsvalencia.eu\/municipisinnovadors\/#\/schema\/person\/image\/","url":"https:\/\/secure.gravatar.com\/avatar\/b54a83ceaecdbf63e8b96c3d37a040e1e177bdf04a4413835e52dafa24e8128b?s=96&d=mm&r=g","contentUrl":"https:\/\/secure.gravatar.com\/avatar\/b54a83ceaecdbf63e8b96c3d37a040e1e177bdf04a4413835e52dafa24e8128b?s=96&d=mm&r=g","caption":"Comunicacio Municipis"},"url":"https:\/\/missionsvalencia.eu\/municipisinnovadors\/author\/comunicacio-municipis\/"}]}},"_links":{"self":[{"href":"https:\/\/missionsvalencia.eu\/municipisinnovadors\/wp-json\/wp\/v2\/posts\/1791","targetHints":{"allow":["GET"]}}],"collection":[{"href":"https:\/\/missionsvalencia.eu\/municipisinnovadors\/wp-json\/wp\/v2\/posts"}],"about":[{"href":"https:\/\/missionsvalencia.eu\/municipisinnovadors\/wp-json\/wp\/v2\/types\/post"}],"author":[{"embeddable":true,"href":"https:\/\/missionsvalencia.eu\/municipisinnovadors\/wp-json\/wp\/v2\/users\/6"}],"replies":[{"embeddable":true,"href":"https:\/\/missionsvalencia.eu\/municipisinnovadors\/wp-json\/wp\/v2\/comments?post=1791"}],"version-history":[{"count":1,"href":"https:\/\/missionsvalencia.eu\/municipisinnovadors\/wp-json\/wp\/v2\/posts\/1791\/revisions"}],"predecessor-version":[{"id":1804,"href":"https:\/\/missionsvalencia.eu\/municipisinnovadors\/wp-json\/wp\/v2\/posts\/1791\/revisions\/1804"}],"wp:featuredmedia":[{"embeddable":true,"href":"https:\/\/missionsvalencia.eu\/municipisinnovadors\/wp-json\/wp\/v2\/media\/1802"}],"wp:attachment":[{"href":"https:\/\/missionsvalencia.eu\/municipisinnovadors\/wp-json\/wp\/v2\/media?parent=1791"}],"wp:term":[{"taxonomy":"category","embeddable":true,"href":"https:\/\/missionsvalencia.eu\/municipisinnovadors\/wp-json\/wp\/v2\/categories?post=1791"},{"taxonomy":"post_tag","embeddable":true,"href":"https:\/\/missionsvalencia.eu\/municipisinnovadors\/wp-json\/wp\/v2\/tags?post=1791"}],"curies":[{"name":"wp","href":"https:\/\/api.w.org\/{rel}","templated":true}]}}